{"id":159809,"date":"2015-01-11T01:10:00","date_gmt":"2015-01-11T00:10:00","guid":{"rendered":"http:\/\/www.borncity.com\/blog\/?p=159809"},"modified":"2022-06-24T20:04:58","modified_gmt":"2022-06-24T18:04:58","slug":"reversible-usb-a-zu-lightning-kabel-im-anflug","status":"publish","type":"post","link":"https:\/\/borncity.com\/blog\/2015\/01\/11\/reversible-usb-a-zu-lightning-kabel-im-anflug\/","title":{"rendered":"Reversible USB A-zu-Lightning-Kabel im Anflug"},"content":{"rendered":"<p>Noch eine kleine Meldung zum Sonntag aus dem Umfeld der letzte Woche stattgefundenen CES 2015. Der Hersteller Griffin will im M\u00e4rz ein reversibles USB A-zu-Lightning-Kabel herausbringen.<\/p>\n<p><!--more--><\/p>\n<p>Beim Thema \"Reversibel USB\" geht es um einen USB-Stecker, der in beiden Richtungen (also reversibel um 180 Grad gedreht) in eine USB-Buchse einsteckbar sein soll. Im Sommer hatte ich im Artikel <a href=\"https:\/\/borncity.com\/blog\/2014\/08\/13\/usb-3-1-typ-c-universell-einstpselbarer-adapter\/\">USB 3.1 Typ C: Universell einst\u00f6pselbarer Adapter<\/a> \u00fcber die neue Spezifikation des USB 3.1-Typ C-Steckers berichtet. Eines der am meisten erw\u00e4hnten Features war die Tatsache, dass es bei diesem Stecker egal sein soll, wie dieser in die USB-Buchse eingesteckt wird (nat\u00fcrlich nur, solange er mechanisch passt). Auf der CES 2015 ist USB 3.1-Typ C aber laut heise.de (siehe <a href=\"http:\/\/www.heise.de\/newsticker\/meldung\/CES-USB-3-1-und-Typ-C-Stecker-bleiben-Exoten-2511407.html\" target=\"_blank\" rel=\"noopener\">CES: USB 3.1 und Typ-C-Stecker bleiben Exoten<\/a>) kein Thema gewesen. <\/p>\n<p><a href=\"https:\/\/borncity.com\/blog\/wp-content\/uploads\/2014\/08\/USB-Reversible.jpg\"><br \/><img loading=\"lazy\" decoding=\"async\" title=\"USB-Reversible\" border=\"0\" alt=\"USB-Reversible\" src=\"https:\/\/borncity.com\/blog\/wp-content\/uploads\/2014\/08\/USB-Reversible_thumb.jpg\" width=\"388\" height=\"183\"\/><\/a>(Quelle: Dianxinshouji.com.cn)  <\/p>\n<p>Aber das Thema \"Reversible USB A-Anschluss\" spuckt ja schon l\u00e4nger herum. Also nicht f\u00fcr USB 3.1, sondern f\u00fcr den \u00fcberall vorhandenen USB A-Stecker. Im August hatte ich im Artikel <a href=\"https:\/\/web.archive.org\/web\/20200626101733\/https:\/\/borncity.com\/blog\/2014\/08\/19\/arbeitet-apple-am-eigenen-reversible-usb-kabel\/\">Arbeitet Apple am eigenen \"reversible\" USB-Kabel?<\/a> \u00fcber solche Ger\u00fcchte aus dem Apple-Umfeld berichtet. Das obige Foto war dabei gepostet worden. Im betreffenden Artikel hatte ich die Pferdef\u00fc\u00dfe genannt: Der Kontaktsteg im USB 2.0-A-Stecker muss d\u00fcnner als bei normalen Typ-A Steckern sein. Die Gefahr, dass das Teil dann bricht oder beim Einstecken kaputt geht, ist recht hoch.<\/p>\n<p>H\u00e4lt den Hersteller Griffin aber nicht davon ab, auf der CES 2015 ein entsprechendes Adapterkabel USB A-zu-Lightning vorzustellen und dessen Verf\u00fcgbarkeit f\u00fcr M\u00e4rz 2015 zum Preis von 29,99 US $ anzuk\u00fcndigen. <a href=\"http:\/\/appleinsider.com\/articles\/15\/01\/07\/griffin-shows-off-30-lightning-cable-with-reversible-usb-plug-coming-in-march\" target=\"_blank\" rel=\"noopener\">Laut appleinsider.com<\/a> soll das Kabel sogar offiziell als Apple-Zubeh\u00f6r \"made for iPhone\" lizenziert werden. Unklar ist aber, wie die Lizenzierung als USB-Kabel ablaufen soll. Denn das USB Compliance Committee hat bisher noch keine reversiblen Typ A USB-Stecker authorisiert. K\u00f6nnte die Erkl\u00e4rung sein, dass auf der CES keine USB-Logos am Produkt angebracht waren. <\/p>\n","protected":false},"excerpt":{"rendered":"<p>Noch eine kleine Meldung zum Sonntag aus dem Umfeld der letzte Woche stattgefundenen CES 2015. Der Hersteller Griffin will im M\u00e4rz ein reversibles USB A-zu-Lightning-Kabel herausbringen.<\/p>\n","protected":false},"author":2,"featured_media":0,"comment_status":"open","ping_status":"open","sticky":false,"template":"","format":"standard","meta":{"footnotes":""},"categories":[731],"tags":[2443,3045],"class_list":["post-159809","post","type-post","status-publish","format-standard","hentry","category-gerate","tag-lightning","tag-usb"],"_links":{"self":[{"href":"https:\/\/borncity.com\/blog\/wp-json\/wp\/v2\/posts\/159809","targetHints":{"allow":["GET"]}}],"collection":[{"href":"https:\/\/borncity.com\/blog\/wp-json\/wp\/v2\/posts"}],"about":[{"href":"https:\/\/borncity.com\/blog\/wp-json\/wp\/v2\/types\/post"}],"author":[{"embeddable":true,"href":"https:\/\/borncity.com\/blog\/wp-json\/wp\/v2\/users\/2"}],"replies":[{"embeddable":true,"href":"https:\/\/borncity.com\/blog\/wp-json\/wp\/v2\/comments?post=159809"}],"version-history":[{"count":0,"href":"https:\/\/borncity.com\/blog\/wp-json\/wp\/v2\/posts\/159809\/revisions"}],"wp:attachment":[{"href":"https:\/\/borncity.com\/blog\/wp-json\/wp\/v2\/media?parent=159809"}],"wp:term":[{"taxonomy":"category","embeddable":true,"href":"https:\/\/borncity.com\/blog\/wp-json\/wp\/v2\/categories?post=159809"},{"taxonomy":"post_tag","embeddable":true,"href":"https:\/\/borncity.com\/blog\/wp-json\/wp\/v2\/tags?post=159809"}],"curies":[{"name":"wp","href":"https:\/\/api.w.org\/{rel}","templated":true}]}}