{"id":191221,"date":"2017-06-09T00:04:42","date_gmt":"2017-06-08T22:04:42","guid":{"rendered":"http:\/\/www.borncity.com\/blog\/?p=191221"},"modified":"2017-06-09T00:04:59","modified_gmt":"2017-06-08T22:04:59","slug":"215-zoll-imac-im-ifixit-teardown","status":"publish","type":"post","link":"https:\/\/borncity.com\/blog\/2017\/06\/09\/215-zoll-imac-im-ifixit-teardown\/","title":{"rendered":"21,5-Zoll iMac im iFixit-Teardown"},"content":{"rendered":"<p><img loading=\"lazy\" decoding=\"async\" style=\"float: left; margin: 0px 10px 0px 0px; display: inline\" src=\"https:\/\/borncity.com\/blog\/wp-content\/uploads\/2012\/07\/Apple.jpg\" width=\"58\" height=\"58\"\/>Das Team von <em>iFixit<\/em> hat den <a href=\"https:\/\/www.ifixit.com\/Teardown\/iMac+Intel+21.5-Inch+Retina+4K+Display+%282017%29+Teardown\/92170?utm_medium=email&amp;utm_campaign=iMac%20Intel%20215%20Retina%204K%20Display%202017%20Teardown%20Press%20Release&amp;utm_content=iMac%20Intel%20215%20Retina%204K%20Display%202017%20Teardown%20Press%20Release+CID_73d6baa70287c5d1aa4cfe49b585f368\" target=\"_blank\">21.5-Zoll iMac Retine 4K Display 2017<\/a> demontiert (teardown) und einige \u00dcberraschungen erlebt. <\/p>\n<p><!--more--><\/p>\n<p>So ist der RAM-Speicher bei diesem Modell nicht auf der Hauptplatine verl\u00f6tet, sondern einfach austauschbar.<\/p>\n<p><img decoding=\"async\" title=\"RAM iMac\" alt=\"RAM iMac\" src=\"https:\/\/d3nevzfk7ii3be.cloudfront.net\/igi\/IG1JLCr6OejKtfEx.medium\"\/><br \/>(Quelle: iFixit)<\/p>\n<p>Selbst die CPU sitzt auf einem Standard LGA 1151 CPU-Sockel und ist nicht verl\u00f6tet. Allerdings l\u00e4sst sich keine SSD nachr\u00fcsten. Die Zug\u00e4nglichkeit der Komponenten wie RAMs wird aber als schlecht bewertet. Details finden sich im <a href=\"https:\/\/www.ifixit.com\/Teardown\/iMac+Intel+21.5-Inch+Retina+4K+Display+%282017%29+Teardown\/92170?utm_medium=email&amp;utm_campaign=iMac%20Intel%20215%20Retina%204K%20Display%202017%20Teardown%20Press%20Release&amp;utm_content=iMac%20Intel%20215%20Retina%204K%20Display%202017%20Teardown%20Press%20Release+CID_73d6baa70287c5d1aa4cfe49b585f368&amp;utm_source=CampaignMonitor&amp;utm_term=2017%20iMac%20Teardown\" target=\"_blank\">iFixit-Bericht<\/a>. (<a href=\"https:\/\/www.macrumors.com\/2017\/06\/08\/4k-imac-teardown-reveals-removable-ram-cpu\/\" target=\"_blank\">via<\/a>)<\/p>\n","protected":false},"excerpt":{"rendered":"<p>Das Team von iFixit hat den 21.5-Zoll iMac Retine 4K Display 2017 demontiert (teardown) und einige \u00dcberraschungen erlebt.<\/p>\n","protected":false},"author":2,"featured_media":0,"comment_status":"open","ping_status":"closed","sticky":false,"template":"","format":"standard","meta":{"footnotes":""},"categories":[731],"tags":[3443,2445],"class_list":["post-191221","post","type-post","status-publish","format-standard","hentry","category-gerate","tag-imac","tag-teardown"],"_links":{"self":[{"href":"https:\/\/borncity.com\/blog\/wp-json\/wp\/v2\/posts\/191221","targetHints":{"allow":["GET"]}}],"collection":[{"href":"https:\/\/borncity.com\/blog\/wp-json\/wp\/v2\/posts"}],"about":[{"href":"https:\/\/borncity.com\/blog\/wp-json\/wp\/v2\/types\/post"}],"author":[{"embeddable":true,"href":"https:\/\/borncity.com\/blog\/wp-json\/wp\/v2\/users\/2"}],"replies":[{"embeddable":true,"href":"https:\/\/borncity.com\/blog\/wp-json\/wp\/v2\/comments?post=191221"}],"version-history":[{"count":0,"href":"https:\/\/borncity.com\/blog\/wp-json\/wp\/v2\/posts\/191221\/revisions"}],"wp:attachment":[{"href":"https:\/\/borncity.com\/blog\/wp-json\/wp\/v2\/media?parent=191221"}],"wp:term":[{"taxonomy":"category","embeddable":true,"href":"https:\/\/borncity.com\/blog\/wp-json\/wp\/v2\/categories?post=191221"},{"taxonomy":"post_tag","embeddable":true,"href":"https:\/\/borncity.com\/blog\/wp-json\/wp\/v2\/tags?post=191221"}],"curies":[{"name":"wp","href":"https:\/\/api.w.org\/{rel}","templated":true}]}}