{"id":194656,"date":"2017-09-29T14:37:08","date_gmt":"2017-09-29T12:37:08","guid":{"rendered":"http:\/\/www.borncity.com\/blog\/?p=194656"},"modified":"2019-06-13T10:13:47","modified_gmt":"2019-06-13T08:13:47","slug":"schrumpfkur-nur-noch-1-milliarde-windows-nutzer","status":"publish","type":"post","link":"https:\/\/borncity.com\/blog\/2017\/09\/29\/schrumpfkur-nur-noch-1-milliarde-windows-nutzer\/","title":{"rendered":"Schrumpfkur: Nur noch 1 Milliarde Windows-Nutzer?"},"content":{"rendered":"<p><img loading=\"lazy\" decoding=\"async\" style=\"float: left; margin: 0px 10px 0px 0px; display: inline\" src=\"https:\/\/borncity.com\/blog\/wp-content\/uploads\/2013\/03\/winb.jpg\" width=\"58\" align=\"left\" height=\"58\"\/>Am Windows-Wesen, soll die Welt genesen? Oder etwa doch nicht? Microsofts Chef, Satya Nadella, hat in einem Interview mit der Nachrichtenagentur Bloomberg auch die Zahl der aktuellen Windows-Nutzer genannt \u2013 was bei mir \u00dcberraschungen ausgel\u00f6st hat. <\/p>\n<p><!--more--><\/p>\n<h2>Wir hatten schon mal 1,5 Milliarden Windows-Systeme<\/h2>\n<p><img loading=\"lazy\" decoding=\"async\" alt=\"\" src=\"https:\/\/ssl-vg03.met.vgwort.de\/na\/3042ff3999e343fe9610f39f66e174e2\" width=\"1\" height=\"1\"\/>Mental hatte ich mir im Hinterkopf irgend etwas zwischen 1,5 und 2 Milliarden Windows-Nutzer gespeichert. Im Jahr 2014 gab es von Microsoft die Windows Partner Conference, auf der Tony Prophet die Zahl von 1,5 Milliarden Windows-Ger\u00e4te nannte (das <a href=\"https:\/\/news.microsoft.com\/speeches\/tony-prophet-wpc-2014-keynote\/\" target=\"_blank\" rel=\"noopener noreferrer\">Transkript gibt es hier<\/a>). <\/p>\n<blockquote>\n<p>And Windows is becoming the gold standard for mobile device management and security and it's a platform built on the scale of 1.5 billion users around the world.<\/p>\n<\/blockquote>\n<p>Gut, damals glaubte man auch noch an Windows Phone, hatte Windows 8.1 und versprach h\u00e4rter, schneller, besser zu arbeiten und mehr zuzuh\u00f6ren. Wie wir wissen, hat Microsoft damals den Mund zu voll genommen \u2013 Windows Phone gibt es nicht mehr, wie das mit dem anderen Sprech ist, kriege ich momentan nicht zusammen. <\/p>\n<p>Diese Zahl von 1,5 Milliarden habe ich auch <a href=\"https:\/\/www.neowin.net\/news\/microsoft-we-have-15-billion-windows-devices-in-the-market\" target=\"_blank\" rel=\"noopener noreferrer\">bei neowin.net<\/a> gefunden. Andererseits hat Paul Thurrott in <a href=\"https:\/\/web.archive.org\/web\/20150319055843\/http:\/\/winsupersite.com\/windows-8\/what-we-learned-about-windows-wpc-2014-opening-keynote\" target=\"_blank\" rel=\"noopener noreferrer\">diesem Artikel<\/a> andere Zahlen genannt: Windows + Office h\u00e4tten in 2014 mehr als 1 Milliarde Nutzer, und Microsoft in Zahlen nannte 1,3 Milliarden Windows-Nutzer. Bei Business Insider <a href=\"http:\/\/www.businessinsider.com\/right-now-there-are-125-billion-windows-pcs-worldwide-2011-12?IR=T\" target=\"_blank\" rel=\"noopener noreferrer\">gibt es<\/a> noch einen Wert von 1,25 Milliarden Windows-Systemen. <\/p>\n<h2>Auf 1 Milliarde Windows-Nutzer geschrumpft?<\/h2>\n<p>Kommen wir zum Bloomberg Interview \u2013 in dem viele Fragen angesprochen wurden. Ein Transkript habe ich nicht gefunden. Aber bei <a href=\"https:\/\/mspoweruser.com\/satya-nadella-says-there-are-only-1-billion-windows-users-worldwide\/\" target=\"_blank\" rel=\"noopener noreferrer\">MS Power User<\/a> und bei bitfeed.co wird Nadella mit der Aussage zitiert, dass es weltweit 1 Milliarde Windows-Nutzer g\u00e4be. Gut, man muss ber\u00fccksichtigen, dass es ein Interview war. Aber die Kommentatoren haben dann doch gestutzt und sich gefragt, wie der Schwund von einer halben Milliarde Windows-Nutzer zu erkl\u00e4ren ist. <\/p>\n<p>Es kann viele Gr\u00fcnde f\u00fcr diese Diskrepanzen geben. Einer w\u00e4re, dass man sich irgendwann 2014 schlicht verz\u00e4hlt hat. Oder die Leute gehen von Windows weg, hin zu Apple oder Android. Und es gibt noch eine Erkenntnis: Fr\u00fcher, also zu der Zeit, als wir alle noch jung waren, da hatte man einen Windows-PC in der Familie, und da gab es dann mehrere Benutzer, die sich dieses Ger\u00e4t teilten. Heute hat ein Benutzer m\u00f6glicherweise ein Windows Notebook, eine XBox und auch noch ein Windows Tablet sowie ein Windows Smarthone. Da ist die Zahl der Ger\u00e4te dann gr\u00f6\u00dfer als die Zahl der Benutzer.<\/p>\n<p>Das Einzig sichere, was man als Erkenntnis aus der obigen Zahl ziehen kann, ist, dass f\u00fcr Microsoft in Bezug auf Windows die B\u00e4ume nicht mehr in den Himmel wachsen. Oder wie seht ihr das?<\/p>\n","protected":false},"excerpt":{"rendered":"<p>Am Windows-Wesen, soll die Welt genesen? Oder etwa doch nicht? Microsofts Chef, Satya Nadella, hat in einem Interview mit der Nachrichtenagentur Bloomberg auch die Zahl der aktuellen Windows-Nutzer genannt \u2013 was bei mir \u00dcberraschungen ausgel\u00f6st hat.<\/p>\n","protected":false},"author":2,"featured_media":0,"comment_status":"open","ping_status":"closed","sticky":false,"template":"","format":"standard","meta":{"footnotes":""},"categories":[301],"tags":[4325],"class_list":["post-194656","post","type-post","status-publish","format-standard","hentry","category-windows","tag-windows"],"_links":{"self":[{"href":"https:\/\/borncity.com\/blog\/wp-json\/wp\/v2\/posts\/194656","targetHints":{"allow":["GET"]}}],"collection":[{"href":"https:\/\/borncity.com\/blog\/wp-json\/wp\/v2\/posts"}],"about":[{"href":"https:\/\/borncity.com\/blog\/wp-json\/wp\/v2\/types\/post"}],"author":[{"embeddable":true,"href":"https:\/\/borncity.com\/blog\/wp-json\/wp\/v2\/users\/2"}],"replies":[{"embeddable":true,"href":"https:\/\/borncity.com\/blog\/wp-json\/wp\/v2\/comments?post=194656"}],"version-history":[{"count":0,"href":"https:\/\/borncity.com\/blog\/wp-json\/wp\/v2\/posts\/194656\/revisions"}],"wp:attachment":[{"href":"https:\/\/borncity.com\/blog\/wp-json\/wp\/v2\/media?parent=194656"}],"wp:term":[{"taxonomy":"category","embeddable":true,"href":"https:\/\/borncity.com\/blog\/wp-json\/wp\/v2\/categories?post=194656"},{"taxonomy":"post_tag","embeddable":true,"href":"https:\/\/borncity.com\/blog\/wp-json\/wp\/v2\/tags?post=194656"}],"curies":[{"name":"wp","href":"https:\/\/api.w.org\/{rel}","templated":true}]}}