{"id":207627,"date":"2018-08-08T11:32:43","date_gmt":"2018-08-08T09:32:43","guid":{"rendered":"https:\/\/www.borncity.com\/blog\/?p=207627"},"modified":"2020-12-19T15:22:43","modified_gmt":"2020-12-19T14:22:43","slug":"eu-ziel-eeinheitliches-ladekabel-trifft-es-apples-lightning","status":"publish","type":"post","link":"https:\/\/borncity.com\/blog\/2018\/08\/08\/eu-ziel-eeinheitliches-ladekabel-trifft-es-apples-lightning\/","title":{"rendered":"EU-Ziel: Einheitliches Ladekabel; trifft es Apples Lightning?"},"content":{"rendered":"<p>Die Wettbewerbskommission der EU will sich 'demn\u00e4chst' erneut mit dem Thema einheitliche Ladeschnittstelle bzw. \u2013kabel f\u00fcr Smartphones und Tablet PCs befassen. Da k\u00f6nnten auf Apple mit seinem Lightning-Anschluss Probleme zukommen. Hier ein \u00dcberblick \u00fcber den aktuellen Sachstand. <\/p>\n<p><!--more--><\/p>\n<h2>Worum geht es?<\/h2>\n<p><img loading=\"lazy\" decoding=\"async\" alt=\"\" src=\"https:\/\/vg07.met.vgwort.de\/na\/73ddd02886af4033a06ba9107713fca6\" width=\"1\" height=\"1\"\/>Es ist ein unendliches Thema: Die EU-Kommission wollte schon vor 10 Jahren eine einheitliche Ladeschnittstelle bzw. \u2013Buchse. Ziel ist es, 51.000 Tonnen unn\u00f6tigen Elektronik-Sonderm\u00fcll durch nicht mehr passende Ladekabel und \u2013Netzteile zu reduzieren. Das sollte durch ein Standardkabel zum Laden passieren. Ich habe mal nachgeschaut, 2013 gab es im Blog den Artikel <a href=\"https:\/\/borncity.com\/blog\/2013\/04\/12\/sauerei-smartphone-hersteller-torpedieren-einheitliche-ladeschnittstelle\/\">Sauerei! Smartphone-Hersteller torpedieren einheitliche Ladeschnittstelle<\/a>. Die Hersteller hatten sich damals auf eine freiwillige Selbstverpflichtung zur Einf\u00fchrung einer einheitlichen Ladeschnittstelle geeinigt. <\/p>\n<p><img loading=\"lazy\" decoding=\"async\" title=\"microUSB-Buchse am Smartphone\" alt=\"microUSB-Buchse am Smartphone\" src=\"https:\/\/web.archive.org\/web\/20200309164512\/https:\/\/n15.imgup.net\/ascendG3007a28.jpg\" width=\"298\" height=\"132\"\/>  <\/p>\n<p>Nun sind wir ein paar J\u00e4hrchen weiter. Bei Smartphones und Tablet PCs gibt es die MicroUSB-Buchse, die sich auch zum Laden eignet. Pers\u00f6nlich empfinde ich es als sehr angenehm, ein Ladekabel mit einem USB-Steckernetzteil f\u00fcr alle Ger\u00e4te verwenden zu k\u00f6nnen. Wobei 'alle Ger\u00e4te' nicht ganz stimmt. Apple f\u00e4hrt da mit seinem Lightning-Anschluss einen eigenen Stiefel. <\/p>\n<blockquote>\n<p>Ich selbst habe im Haushalt nur zwei alte iPads, die noch mit einem Dock ausgestattet sind. Dort habe ich mir einen Dock-zu-microUSB-Adapter besorgt und kann die Ger\u00e4te mit den Handy-Ladekabeln mit aufladen. <\/p>\n<\/blockquote>\n<h2>Die EU-Kommission ist unzufrieden<\/h2>\n<p>Die EU-Kommission ist mit dem '<em>Status Quo' <\/em>nicht zufrieden<em>. <\/em>EU-Wettbewerbskommissarin Margarethe Vestager teilte, laut <a href=\"https:\/\/www.reuters.com\/article\/us-eu-telecoms-charger\/eu-regulators-to-study-need-for-action-on-common-mobile-phone-charger-idUSKBN1KR1WE\" target=\"_blank\" rel=\"noopener\">diesem Reuters-Bericht<\/a> (siehe <a href=\"https:\/\/www.euractiv.com\/section\/digital\/news\/eu-regulators-to-study-need-for-action-on-common-mobile-phone-charger\/\" target=\"_blank\" rel=\"noopener\">auch<\/a>), mit, dass ihre Beh\u00f6rde in K\u00fcrze eine Studie in Auftrag gebe. Diese Studie soll herausfinden, wie das Problem uneinheitlicher Ladekabel gel\u00f6st werden k\u00f6nne. <\/p>\n<p>Denn die EU-Kommission versucht seit 10 Jahren die Ger\u00e4teanbieter dazu zu bringen, sich freiwillig auf einen neuen Ladestandard f\u00fcr den Ladestecker bei Smartphones und Tablets zu einigen. Auf Druck der EU-Kommission hatten 14 Hersteller, u.a. Apple, Samsung, Huawei und Nokia, bereits 2009 eine Vereinbarung (voluntary memorandum of understanding) zur Harmonisierung der Ladeger\u00e4te f\u00fcr neue Modelle von Smartphones, die 2011 auf den Markt kommen, unterzeichnet. Nachdem diese Vereinbarung 2012 auslief, haben einige Unternehmen in den Jahren 2013 und 2014 weitere Absichtserkl\u00e4rungen unterzeichnet. <\/p>\n<p>Wie Golem <a href=\"https:\/\/www.golem.de\/news\/usb-c-eu-versucht-sich-am-einheitlichen-ladekabel-schon-wieder-1808-135891.html\" target=\"_blank\" rel=\"noopener\">hier<\/a> in einem Artikel zum Thema anmerkt, haben die Hersteller Apple, Google, Lenovo, LG, Motorola, Samsung und Sony auf Druck der EU-Kommission am 20. M\u00e4rz 2018 dieses Memorandum of Understanding f\u00fcr k\u00fcnftige Ladestandards bei Smartphones unterzeichnet. Dort kommt eine erneute Selbstverpflichtung, sp\u00e4testens ab 2021 Smartphone-Modelle mit einer USB-C-Schnittstelle zum Laden in der EU zu vermarkten. <\/p>\n<blockquote>\n<p>Es gibt aber eine Hintert\u00fcr: Das Ladekabel braucht nur einen USB-C-Stecker zu haben, und kann am anderen Ende einen Sonderstecker aufweisen. W\u00fcrde Apple die M\u00f6glichkeit er\u00f6ffnen, ein USB-C-zu-Lightning-Ladekabel anzubieten. <\/p>\n<\/blockquote>\n<p>Es scheint, dass die EU-Kommission und speziell EU-Wettbewerbskommissarin Margarethe Vestager langsam die Geduld verliert. Seit einem Jahrzehnt macht die Industrie mit Selbstverpflichtungen herum, ohne dass wirkliche Fortschritte erreicht wurden. Daher wohl die Studie, die in Auftrag gegeben wird. Ich bin gespannt, was dort am Ende des Tages herauskommt. <\/p>\n<blockquote>\n<p>In Bezug auf fest verbaute Akkus in Smartphones und Tablets wollte sich die EU-Kommission bisher nicht bewegen. Bereits 2012 habe ich mir an denen wegen der fest verbauten Akkus die Z\u00e4hne ausgebissen \u2013 trotz eingeschaltetem Ombudsmann \u2013 die Winkelz\u00fcge sind im Blog-Beitrag <a href=\"https:\/\/borncity.com\/blog\/2012\/02\/12\/mobilgerteakkus-und-die-umwelt-teil-2\/\">Mobilger\u00e4teakkus und die Umwelt \u2013 Teil 2<\/a> nachlesbar. <\/p>\n<\/blockquote>\n<p><strong>\u00c4hnliche Artikel:<\/strong><br \/><a href=\"https:\/\/borncity.com\/blog\/2013\/04\/12\/sauerei-smartphone-hersteller-torpedieren-einheitliche-ladeschnittstelle\/\">Sauerei! Smartphone-Hersteller torpedieren einheitliche Ladeschnittstelle<\/a><br \/><a href=\"https:\/\/borncity.com\/blog\/2011\/12\/17\/wegwerfelektronik-durch-akkutechnik-umweltsauerei-sondersgleichen\/\">Wegwerfelektronik durch Akkutechnik \u2013 Umweltsauerei sondersgleichen<\/a><br \/><a href=\"https:\/\/borncity.com\/blog\/2012\/02\/12\/mobilgerteakkus-und-die-umwelt-teil-2\/\">Mobilger\u00e4teakkus und die Umwelt \u2013 Teil 2<\/a><br \/><a href=\"https:\/\/borncity.com\/blog\/2012\/06\/19\/kaufen-fr-die-mllhalde-stoppt-endlich-apple\/\">Kaufen f\u00fcr die M\u00fcllhalde: Stoppt endlich Apple!<\/a><\/p>\n","protected":false},"excerpt":{"rendered":"<p>Die Wettbewerbskommission der EU will sich 'demn\u00e4chst' erneut mit dem Thema einheitliche Ladeschnittstelle bzw. \u2013kabel f\u00fcr Smartphones und Tablet PCs befassen. Da k\u00f6nnten auf Apple mit seinem Lightning-Anschluss Probleme zukommen. Hier ein \u00dcberblick \u00fcber den aktuellen Sachstand.<\/p>\n","protected":false},"author":2,"featured_media":0,"comment_status":"open","ping_status":"closed","sticky":false,"template":"","format":"standard","meta":{"footnotes":""},"categories":[731],"tags":[2987,3081],"class_list":["post-207627","post","type-post","status-publish","format-standard","hentry","category-gerate","tag-eu","tag-geraete"],"_links":{"self":[{"href":"https:\/\/borncity.com\/blog\/wp-json\/wp\/v2\/posts\/207627","targetHints":{"allow":["GET"]}}],"collection":[{"href":"https:\/\/borncity.com\/blog\/wp-json\/wp\/v2\/posts"}],"about":[{"href":"https:\/\/borncity.com\/blog\/wp-json\/wp\/v2\/types\/post"}],"author":[{"embeddable":true,"href":"https:\/\/borncity.com\/blog\/wp-json\/wp\/v2\/users\/2"}],"replies":[{"embeddable":true,"href":"https:\/\/borncity.com\/blog\/wp-json\/wp\/v2\/comments?post=207627"}],"version-history":[{"count":0,"href":"https:\/\/borncity.com\/blog\/wp-json\/wp\/v2\/posts\/207627\/revisions"}],"wp:attachment":[{"href":"https:\/\/borncity.com\/blog\/wp-json\/wp\/v2\/media?parent=207627"}],"wp:term":[{"taxonomy":"category","embeddable":true,"href":"https:\/\/borncity.com\/blog\/wp-json\/wp\/v2\/categories?post=207627"},{"taxonomy":"post_tag","embeddable":true,"href":"https:\/\/borncity.com\/blog\/wp-json\/wp\/v2\/tags?post=207627"}],"curies":[{"name":"wp","href":"https:\/\/api.w.org\/{rel}","templated":true}]}}