{"id":214163,"date":"2019-01-27T08:32:22","date_gmt":"2019-01-27T07:32:22","guid":{"rendered":"https:\/\/www.borncity.com\/blog\/?p=214163"},"modified":"2023-02-15T22:43:38","modified_gmt":"2023-02-15T21:43:38","slug":"microsoft-schaltet-metadaten-dienst-fr-wmp-wmc-ab","status":"publish","type":"post","link":"https:\/\/borncity.com\/blog\/2019\/01\/27\/microsoft-schaltet-metadaten-dienst-fr-wmp-wmc-ab\/","title":{"rendered":"Microsoft schaltet Metadaten-Dienst f&uuml;r WMP\/WMC ab"},"content":{"rendered":"<p><img decoding=\"async\" style=\"float: left; margin: 0px 10px 0px 0px; display: inline\" src=\"https:\/\/borncity.com\/blog\/wp-content\/uploads\/2015\/01\/Stop.jpg\" align=\"left\"\/>[<a href=\"https:\/\/borncity.com\/win\/2019\/01\/27\/microsoft-terminates-the-meta-data-service-for-wmp-wmc\/\" target=\"_blank\" rel=\"noopener\">English<\/a>]Nutzer, die den Windows Media Player und\/oder das Windows Media Center verwenden, m\u00fcssen sich auf eine Funktionsreduzierung gefasst machen. Microsoft stellt den vom Windows Media Player und Windows Media Center verwendeten Metadaten-Dienst f\u00fcr bestimmte Windows-Versionen in Zukunft ein.<\/p>\n<p><!--more--><\/p>\n<h2>Das steckt hinter dem Metadatendienst<\/h2>\n<p><img loading=\"lazy\" decoding=\"async\" alt=\"\" src=\"https:\/\/vg01.met.vgwort.de\/na\/5755ce9c26224a7197e14901f67e6d2a\" width=\"1\" height=\"1\"\/>Sowohl das in Windows 7 enthaltene Windows Media Center (in Windows 8.1 war es nachr\u00fcstbar) als auch der Windows Media Player verwenden Metadaten, um zus\u00e4tzliche Informationen wie Titel, Genre und Interpret f\u00fcr Songs sowie Regisseur, Schauspieler, Cover Art und TV-Guide f\u00fcr Filme anzuzeigen. Das Windows Media Center (WMC) sowie der Windows Media Player (WMP) beziehen diese Informationen \u00fcber einen von Microsoft betriebenen Metadatendienst.<\/p>\n<h2>Der Metadatendienst wird eingestellt<\/h2>\n<p>Im Dokument <a href=\"https:\/\/support.microsoft.com\/en-us\/help\/4488539\/changes-metadata-services-windows-media-center-media-player\" target=\"_blank\" rel=\"noopener\">Changes in metadata service affecting Windows Media Center and Windows Media Player<\/a> vom 25. Januar 2019 teilt Microsoft mit, dass der Metadatendienst eingestellt wird. Das wird zwar verklausuliert verpackt, indem Microsoft folgenderma\u00dfen um das Thema herum schwurbelt:<\/p>\n<blockquote>\n<p>M\u00f6glicherweise k\u00f6nnen Sie in Zukunft Informationen (Metadaten) wie Titel, Genre und Interpret f\u00fcr Songs sowie Regisseur, Schauspieler, Cover Art und TV-Guide f\u00fcr Filme in Windows Media Center und Windows Media Player nicht mehr anzeigen.<\/p>\n<\/blockquote>\n<p>Der Grund f\u00fcr dieses 'm\u00f6glicherweise': WMP und WMC speichern ja bereits abgefragte Metadaten. Erst wenn der Nutzer die Metadaten f\u00fcr ein neues Medienst\u00fcck ben\u00f6tigt, stellt er fest, dass diese nicht mehr angezeigt werden. Ergo: Wenn diese Daten irgendwann in Zukunft nicht mehr kommen, ist nichts an eurem Windows-System kaputt, sondern Microsoft hat schlicht den ben\u00f6tigten Dienst abgeschaltet. Microsoft schreibt als Begr\u00fcndung dazu:<\/p>\n<blockquote>\n<p>Nach Pr\u00fcfung der Kundenr\u00fcckmeldungen und Nutzungsdaten entschied sich Microsoft, diesen Service einzustellen.<\/p>\n<\/blockquote>\n<p>Die Floskel kennt man bereits aus fr\u00fcheren Tagen, als der WMC nicht mehr in Windows 10 aufgenommen wurde oder im WMP der MPEG2-Decoder sowie dessen Support zur Wiedergabe von DVD-Filmen entfernt wurde. Beim Lesen der nachfolgend verlinkten, alten Blog-Beitr\u00e4ge hatte ich so das eine oder andere dej\u00e1 vu.<\/p>\n<blockquote>\n<p>Ach ja, um Kommentaren von Windows 10-Fans vorzubeugen: Das ist halt der Preis den Fortschritts \u2013 h\u00fcpft halt endlich auf ein 'modernes Betriebssystem'. <\/p>\n<\/blockquote>\n<h2>Was ist nun genau betroffen?<\/h2>\n<p>Microsoft hat im Beitrag eine Tabelle ver\u00f6ffentlicht, in der genau aufgef\u00fchrt ist, welche Betriebssysteme beim WMP und WMC betroffen sind. <\/p>\n<table>\n<tbody>\n<tr>\n<td><strong>Media version<\/strong><\/td>\n<td><strong>Operating system<\/strong><\/td>\n<td><strong>Affected by this change?<\/strong><\/td>\n<\/tr>\n<tr>\n<td>Windows Media Center<\/td>\n<td>&nbsp;<\/td>\n<td>&nbsp;<\/td>\n<\/tr>\n<tr>\n<td>&nbsp;<\/td>\n<td>Windows 8.1<\/td>\n<td>Yes<\/td>\n<\/tr>\n<tr>\n<td>&nbsp;<\/td>\n<td>Windows 8<\/td>\n<td>Yes<\/td>\n<\/tr>\n<tr>\n<td>&nbsp;<\/td>\n<td>Windows 7<\/td>\n<td>Yes<\/td>\n<\/tr>\n<tr>\n<td>Windows Media Player<\/td>\n<td>&nbsp;<\/td>\n<td>&nbsp;<\/td>\n<\/tr>\n<tr>\n<td>&nbsp;<\/td>\n<td>Windows 10<\/td>\n<td>No<\/td>\n<\/tr>\n<tr>\n<td>&nbsp;<\/td>\n<td>Windows 8.1<\/td>\n<td>No<\/td>\n<\/tr>\n<tr>\n<td>&nbsp;<\/td>\n<td>Windows 8<\/td>\n<td>No<\/td>\n<\/tr>\n<tr>\n<td>&nbsp;<\/td>\n<td>Windows 7<\/td>\n<td>Yes<\/td>\n<\/tr>\n<\/tbody>\n<\/table>\n<p>Das Windows Media Center ist in Windows 7 und Windows 8.1 betroffen. Beim Windows Media Player ist dagegen die Einstellung der Verteilung der Metadaten&nbsp; nur f\u00fcr Windows 7 geplant. (<a href=\"https:\/\/web.archive.org\/web\/20210726234035\/https:\/\/mspoweruser.com\/microsoft-turning-the-screws-on-windows-7-users-by-targeting-windows-media-player\/\" target=\"_blank\" rel=\"noopener\">via<\/a>, <a href=\"https:\/\/www.deskmodder.de\/blog\/2019\/01\/26\/metadaten-service-im-windows-media-center-und-wmp-windows-7-wird-eingestellt\/\" target=\"_blank\" rel=\"noopener\">via<\/a>) <\/p>\n<p><strong>\u00c4hnliche Artikel:<\/strong><br \/><a href=\"https:\/\/borncity.com\/blog\/2012\/05\/04\/windows-8-und-das-media-center-klarstellung\/\">Windows 8 und das Media Center \u2013 Klarstellung<\/a><br \/><a href=\"https:\/\/borncity.com\/blog\/2012\/05\/07\/windows-8-ms-faq-zu-wmp-und-wmc-verffentlicht\/\">Windows 8: MS-FAQ zu WMP und WMC ver\u00f6ffentlicht<\/a><br \/><a href=\"https:\/\/borncity.com\/blog\/2015\/10\/30\/verkaufsende-fr-windows-media-center-am-30-10-2015\/\">Verkaufsende f\u00fcr Windows Media Center am 30.10.2015<\/a><br \/><a href=\"https:\/\/borncity.com\/blog\/2015\/05\/03\/windows-10-das-media-center-ist-endgltig-tot\/\">Windows 10: Das Media Center ist endg\u00fcltig tot!<\/a><br \/><a href=\"https:\/\/borncity.com\/blog\/2015\/09\/06\/und-geht-scheinbar-doch-media-center-in-windows-10\/\">Geht scheinbar doch: Windows Media Center in Windows 10<\/a><br \/><a href=\"https:\/\/borncity.com\/blog\/2017\/12\/23\/windows-10-lange-gesichter-beim-media-center\/\">Windows 10: Lange Gesichter beim Media Center \u2026<\/a><\/p>\n","protected":false},"excerpt":{"rendered":"<p>[English]Nutzer, die den Windows Media Player und\/oder das Windows Media Center verwenden, m\u00fcssen sich auf eine Funktionsreduzierung gefasst machen. Microsoft stellt den vom Windows Media Player und Windows Media Center verwendeten Metadaten-Dienst f\u00fcr bestimmte Windows-Versionen in Zukunft ein.<\/p>\n","protected":false},"author":2,"featured_media":0,"comment_status":"open","ping_status":"closed","sticky":false,"template":"","format":"standard","meta":{"footnotes":""},"categories":[1],"tags":[4294,4366,4300,4301],"class_list":["post-214163","post","type-post","status-publish","format-standard","hentry","category-allgemein","tag-windows-7","tag-windows-8-1","tag-windows-media-center","tag-windows-media-player"],"_links":{"self":[{"href":"https:\/\/borncity.com\/blog\/wp-json\/wp\/v2\/posts\/214163","targetHints":{"allow":["GET"]}}],"collection":[{"href":"https:\/\/borncity.com\/blog\/wp-json\/wp\/v2\/posts"}],"about":[{"href":"https:\/\/borncity.com\/blog\/wp-json\/wp\/v2\/types\/post"}],"author":[{"embeddable":true,"href":"https:\/\/borncity.com\/blog\/wp-json\/wp\/v2\/users\/2"}],"replies":[{"embeddable":true,"href":"https:\/\/borncity.com\/blog\/wp-json\/wp\/v2\/comments?post=214163"}],"version-history":[{"count":0,"href":"https:\/\/borncity.com\/blog\/wp-json\/wp\/v2\/posts\/214163\/revisions"}],"wp:attachment":[{"href":"https:\/\/borncity.com\/blog\/wp-json\/wp\/v2\/media?parent=214163"}],"wp:term":[{"taxonomy":"category","embeddable":true,"href":"https:\/\/borncity.com\/blog\/wp-json\/wp\/v2\/categories?post=214163"},{"taxonomy":"post_tag","embeddable":true,"href":"https:\/\/borncity.com\/blog\/wp-json\/wp\/v2\/tags?post=214163"}],"curies":[{"name":"wp","href":"https:\/\/api.w.org\/{rel}","templated":true}]}}