{"id":2561,"date":"2011-03-22T15:59:40","date_gmt":"2011-03-22T10:59:40","guid":{"rendered":"http:\/\/www.borncity.com\/blog\/2011\/03\/22\/das-ipad-und-die-generation-50plus\/"},"modified":"2024-08-09T22:00:00","modified_gmt":"2024-08-09T20:00:00","slug":"das-ipad-und-die-generation-50plus","status":"publish","type":"post","link":"https:\/\/borncity.com\/blog\/2011\/03\/22\/das-ipad-und-die-generation-50plus\/","title":{"rendered":"Das iPad und die Generation 50Plus?"},"content":{"rendered":"<p>Das iPad separiert \u2013 hier die Apple-Fanboys (und \u2013girls), die nix auf das Teil kommen lassen. Da die absoluten Apple-Hasser, die so ein Teil aus der Apfelklitsche nicht mal mit der Kneifzange anfassen. Ich selbst bin da ziemlich blau\u00e4ugig ran gegangen und habe mir vor Monaten ein solches Teil (nach einen tiefen Griff ins Portemonais) zugelegt.<\/p>\n<p><!--more--><\/p>\n<p>Irgendwo hat mir das Herz bei den 700 Euronen schon geblutet, denn daf\u00fcr h\u00e4tte ich ein fettes Notebook bekommen. Aber der Kauf musste irgendwie sein, da ich Erfahrungen gewinnen und mir das Teil auch im Hinblick auf \"ist f\u00fcr die Zielgruppe 50Plus nutzbar\" genauer anschauen wollte. Zudem habe ich in einem Einsteigerwerk zum Computer zumindest die ersten Schritte zum Umgang mit dem iPad skizziert.<\/p>\n<blockquote><p>Na ja, hinter vorgehaltener Hand: irgendwie stand hier auch f\u00fcr kurze Zeit \"die T\u00fcr f\u00fcr Apple\" einen Spalt offen &#8211; Mac OS X hatte mich schon beeindruckt (f\u00fcr Tests brauche ich keine spezielle Hardware) und ich schielte danach mir einen Apfel als Mac OS X\/Windows-Maschine ins B\u00fcro zu holen. Diese T\u00fcr ist inzwischen wieder zu, nachdem ich gesehen habe, wohin die Reise bei den Apfelbauern offensichtlich gehen soll.<\/p><\/blockquote>\n<p>Ob das iPad als Angeber-Gadget taugt, muss jeder selbst beantworten. Ich brauch das Teil dazu nicht, sondern hatte eigentlich ein solides St\u00fcck Entwicklerarbeit f\u00fcr mein Geld erwartet, welches sich irgendwie zum Arbeiten nutzen l\u00e4sst.<\/p>\n<p>Wie mein Experiment \"iPad\" ausgegangen ist,\u00a0 und welches Fazit ich nach 3 monatiger Nutzung, auch im Hinblick auf Generation 50Plus, ziehen musste, l\u00e4sst sich im Portal f\u00fcr die Zielgruppe nachlesen.<\/p>\n","protected":false},"excerpt":{"rendered":"<p>Das iPad separiert \u2013 hier die Apple-Fanboys (und \u2013girls), die nix auf das Teil kommen lassen. Da die absoluten Apple-Hasser, die so ein Teil aus der Apfelklitsche nicht mal mit der Kneifzange anfassen. Ich selbst bin da ziemlich blau\u00e4ugig ran &hellip; <a href=\"https:\/\/borncity.com\/blog\/2011\/03\/22\/das-ipad-und-die-generation-50plus\/\">Weiterlesen <span class=\"meta-nav\">&rarr;<\/span><\/a><\/p>\n","protected":false},"author":2,"featured_media":0,"comment_status":"open","ping_status":"open","sticky":false,"template":"","format":"standard","meta":{"footnotes":""},"categories":[1,439],"tags":[4329,728],"class_list":["post-2561","post","type-post","status-publish","format-standard","hentry","category-allgemein","category-ipad","tag-ipad","tag-useabiltiy"],"_links":{"self":[{"href":"https:\/\/borncity.com\/blog\/wp-json\/wp\/v2\/posts\/2561","targetHints":{"allow":["GET"]}}],"collection":[{"href":"https:\/\/borncity.com\/blog\/wp-json\/wp\/v2\/posts"}],"about":[{"href":"https:\/\/borncity.com\/blog\/wp-json\/wp\/v2\/types\/post"}],"author":[{"embeddable":true,"href":"https:\/\/borncity.com\/blog\/wp-json\/wp\/v2\/users\/2"}],"replies":[{"embeddable":true,"href":"https:\/\/borncity.com\/blog\/wp-json\/wp\/v2\/comments?post=2561"}],"version-history":[{"count":0,"href":"https:\/\/borncity.com\/blog\/wp-json\/wp\/v2\/posts\/2561\/revisions"}],"wp:attachment":[{"href":"https:\/\/borncity.com\/blog\/wp-json\/wp\/v2\/media?parent=2561"}],"wp:term":[{"taxonomy":"category","embeddable":true,"href":"https:\/\/borncity.com\/blog\/wp-json\/wp\/v2\/categories?post=2561"},{"taxonomy":"post_tag","embeddable":true,"href":"https:\/\/borncity.com\/blog\/wp-json\/wp\/v2\/tags?post=2561"}],"curies":[{"name":"wp","href":"https:\/\/api.w.org\/{rel}","templated":true}]}}