{"id":272593,"date":"2022-09-07T17:28:10","date_gmt":"2022-09-07T15:28:10","guid":{"rendered":"https:\/\/www.borncity.com\/blog\/?p=272593"},"modified":"2022-09-07T22:09:19","modified_gmt":"2022-09-07T20:09:19","slug":"windows-10-11-mgliche-sommerzeit-umstellungsprobleme-in-chile-und-weltweit","status":"publish","type":"post","link":"https:\/\/borncity.com\/blog\/2022\/09\/07\/windows-10-11-mgliche-sommerzeit-umstellungsprobleme-in-chile-und-weltweit\/","title":{"rendered":"Windows 10\/ 11: M&ouml;gliche Sommerzeit-Umstellungsprobleme [in Chile und weltweit]"},"content":{"rendered":"<p><img decoding=\"async\" style=\"float: left; margin: 0px 10px 0px 0px; display: inline;\" title=\"Windows\" src=\"https:\/\/borncity.com\/blog\/wp-content\/uploads\/2021\/04\/Windows-klein.jpg\" alt=\"Windows\" width=\"200\" align=\"left\" \/>[<a href=\"https:\/\/borncity.com\/win\/2022\/09\/07\/windows-10-11-mgliche-sommerzeit-umstellungsprobleme-in-chile-und-weltweit\/\" target=\"_blank\" rel=\"noopener\">English<\/a>]Kleines Exotenproblem am Rande, was aber auch deutsche Nutzer mit Kontakten nach Chile treffen kann. Die Windows-Nutzer in Chile k\u00f6nnten im September 2022 Probleme mit der Sommerzeit-Umstellung bekommen. Zumindest f\u00fcr Windows 10\/11 warnt Microsoft die Nutzerschaft schon mal vor, dass es zu \"komischem\" Verhalten kommen k\u00f6nne. Zum Problem wird dies in internationalen Netzwerken, wo Computer mit Systemen in Chile verbunden sind, oder wenn Besprechungen von und mit Chile aus dem Ausland angesetzt werden. Hintergrund ist, dass Chile das Datum f\u00fcr die Sommerzeitumstellung vom 4. auf den 10. September 2022 verschoben hat.<\/p>\n<p><!--more--><\/p>\n<h2>Sommerzeitverschiebung in Chile<\/h2>\n<p><img loading=\"lazy\" decoding=\"async\" src=\"https:\/\/vg01.met.vgwort.de\/na\/33cdf85245684f23b8373bd8d2b1f34a\" alt=\"\" width=\"1\" height=\"1\" \/>Die Information findet sich im <a href=\"https:\/\/docs.microsoft.com\/en-us\/windows\/release-health\/\" target=\"_blank\" rel=\"noopener\">Windows -Statusbereich<\/a> in der <a href=\"https:\/\/docs.microsoft.com\/en-us\/windows\/release-health\/status-windows-11-21h2\" target=\"_blank\" rel=\"noopener\">Known Issues-Rubrik<\/a> der betroffenen Versionen wie <a href=\"https:\/\/docs.microsoft.com\/en-us\/windows\/release-health\/status-windows-11-21h2#2892msgdesc\" target=\"_blank\" rel=\"noopener\">Windows 11<\/a> und <a href=\"https:\/\/docs.microsoft.com\/en-us\/windows\/release-health\/status-windows-10-21h2#2892msgdesc\" target=\"_blank\" rel=\"noopener\">Windows 10<\/a> (21H2). Zum 6. September 2022 hat Microsoft dort folgende Information hinterlassen:<\/p>\n<ul>\n<li>Ab Samstag, den 10. September 2022, 12:00 Uhr, wird die offizielle Uhrzeit in Chile um 60 Minuten vorgestellt. Dies entspricht der offiziellen Ank\u00fcndigung der chilenischen Regierung vom 9. August 2022 \u00fcber die Umstellung der Zeitzone auf die Sommerzeit (DST).<\/li>\n<li>Damit verschiebt sich die Sommerzeitumstellung, die bisher am 4. September stattfand, auf den 10. September. Ich interpretiere es so, dass bei Microsoft bereits entsprechende Fehlermeldungen aus Chile aufgelaufen sind.<\/li>\n<\/ul>\n<p>Microsoft erwischt das auf dem falschen Fu\u00df, denn Windows 10 und Windows 11 (sowie \u00e4ltere Versionen und die Server-Pendants) sind darauf eingestellt, dass die Sommerzeitumstellung am 4. September 2022 erfolgen soll (und dieses Datum ist bekanntlich vorbei).<\/p>\n<h2>Es k\u00f6nnte Problem geben<\/h2>\n<p>Da Rechner h\u00e4ufig auch in Netzwerken eingebunden sind, kann es beim Netzwerkverkehr \u00fcber L\u00e4ndergrenzen hinaus zu Problemen f\u00fchren. Konkret sieht Microsoft daher folgende Probleme zwischen dem 4. und 10. September 2022 auf die Nutzer zukommen (wer betroffen ist, sollte es bereits gemerkt haben).<\/p>\n<ul>\n<li>Die in Windows und Apps angezeigte Zeit ist nicht korrekt.<\/li>\n<li>Apps und Cloud-Dienste, die Datum und Uhrzeit f\u00fcr wesentliche Funktionen verwenden, wie Microsoft Teams und Microsoft Outlook, Benachrichtigungen und die Planung von Meetings, weichen m\u00f6glicherweise um 60 Minuten ab.<\/li>\n<li>Automatisierungen, die Datum und Uhrzeit verwenden, wie z. B. geplante Aufgaben, werden m\u00f6glicherweise nicht zur erwarteten Zeit ausgef\u00fchrt.<\/li>\n<li>Zeitstempel auf Transaktionen, Dateien und Protokollen weichen um 60 Minuten ab.<\/li>\n<li>Bei Vorg\u00e4ngen, die auf zeitabh\u00e4ngigen Protokollen wie Kerberos beruhen, kann es zu Authentifizierungsfehlern kommen, wenn versucht wird, sich anzumelden oder auf Ressourcen zuzugreifen.<\/li>\n<\/ul>\n<p>Microsoft weist darauf hin, dass Windows-Ger\u00e4te und -Anwendungen au\u00dferhalb Chiles k\u00f6nnen ebenfalls betroffen sein k\u00f6nnen. Das gilt dann, wenn diese Systeme bzw. Anwendungen eine Verbindung zu Servern oder Ger\u00e4ten in Chile herstellen. Probleme sind auch zu erwarten, wenn Nutzer von einem anderen Standort oder einer anderen Zeitzone aus Besprechungen in Chile planen oder an ihnen teilnehmen.<\/p>\n<h2>Workaround f\u00fcr Ger\u00e4te in Chile<\/h2>\n<p>Microsoft gibt f\u00fcr Ger\u00e4te, die mit Windows in Chile betrieben werden, aber einen Workaround an. Die Nutzer m\u00fcssen unter Windows vor dem 4. September 2022 12:00 Uhr die Option \"Uhr automatisch an die Sommerzeit anpassen\" in den Eigenschaften von Uhrzeit und Datum deaktivieren. Dann erfolgt keine automatische Umstellung durch Windows.<\/p>\n<p>Am 10. September 2022 ist diese Option dann in den Eigenschaften von Uhrzeit und Datum zu aktivieren, um auf Sommerzeit umzustellen. F\u00fcr die Zeitzone Santiago ist ein Workaround nach dem 11. September 2022, 12:00 Uhr, und in der Zeitzone der Osterinseln nach dem 10. September 2022, 22:00 Uhr, vorzunehmen. Details lassen sich im Microsoft Statusbericht f\u00fcr <a href=\"https:\/\/docs.microsoft.com\/en-us\/windows\/release-health\/status-windows-11-21h2#2892msgdesc\" target=\"_blank\" rel=\"noopener\">Windows 11<\/a> und <a href=\"https:\/\/docs.microsoft.com\/en-us\/windows\/release-health\/status-windows-10-21h2#2892msgdesc\" target=\"_blank\" rel=\"noopener\">Windows 10<\/a> nachlesen. Windows-Ger\u00e4te au\u00dferhalb Chiles sollten den Workaround nicht verwenden, da er die lokale Zeit auf dem Ger\u00e4t \u00e4ndern w\u00fcrde. (<a href=\"https:\/\/www.neowin.net\/news\/microsoft-warns-about-windows-issues-caused-by-daylight-saving-time\/\" target=\"_blank\" rel=\"noopener\">via<\/a>)<\/p>\n","protected":false},"excerpt":{"rendered":"<p>[English]Kleines Exotenproblem am Rande, was aber auch deutsche Nutzer mit Kontakten nach Chile treffen kann. Die Windows-Nutzer in Chile k\u00f6nnten im September 2022 Probleme mit der Sommerzeit-Umstellung bekommen. Zumindest f\u00fcr Windows 10\/11 warnt Microsoft die Nutzerschaft schon mal vor, dass &hellip; <a href=\"https:\/\/borncity.com\/blog\/2022\/09\/07\/windows-10-11-mgliche-sommerzeit-umstellungsprobleme-in-chile-und-weltweit\/\">Weiterlesen <span class=\"meta-nav\">&rarr;<\/span><\/a><\/p>\n","protected":false},"author":2,"featured_media":0,"comment_status":"open","ping_status":"closed","sticky":false,"template":"","format":"standard","meta":{"footnotes":""},"categories":[11,301],"tags":[4378,8257],"class_list":["post-272593","post","type-post","status-publish","format-standard","hentry","category-problemlosung","category-windows","tag-windows-10","tag-windows-11"],"_links":{"self":[{"href":"https:\/\/borncity.com\/blog\/wp-json\/wp\/v2\/posts\/272593","targetHints":{"allow":["GET"]}}],"collection":[{"href":"https:\/\/borncity.com\/blog\/wp-json\/wp\/v2\/posts"}],"about":[{"href":"https:\/\/borncity.com\/blog\/wp-json\/wp\/v2\/types\/post"}],"author":[{"embeddable":true,"href":"https:\/\/borncity.com\/blog\/wp-json\/wp\/v2\/users\/2"}],"replies":[{"embeddable":true,"href":"https:\/\/borncity.com\/blog\/wp-json\/wp\/v2\/comments?post=272593"}],"version-history":[{"count":0,"href":"https:\/\/borncity.com\/blog\/wp-json\/wp\/v2\/posts\/272593\/revisions"}],"wp:attachment":[{"href":"https:\/\/borncity.com\/blog\/wp-json\/wp\/v2\/media?parent=272593"}],"wp:term":[{"taxonomy":"category","embeddable":true,"href":"https:\/\/borncity.com\/blog\/wp-json\/wp\/v2\/categories?post=272593"},{"taxonomy":"post_tag","embeddable":true,"href":"https:\/\/borncity.com\/blog\/wp-json\/wp\/v2\/tags?post=272593"}],"curies":[{"name":"wp","href":"https:\/\/api.w.org\/{rel}","templated":true}]}}