{"id":274987,"date":"2022-11-13T10:53:01","date_gmt":"2022-11-13T09:53:01","guid":{"rendered":"https:\/\/www.borncity.com\/blog\/?p=274987"},"modified":"2022-11-14T12:35:40","modified_gmt":"2022-11-14T11:35:40","slug":"windows-10-pro-wird-der-energiesparmode-deaktiviert-nov-2022","status":"publish","type":"post","link":"https:\/\/borncity.com\/blog\/2022\/11\/13\/windows-10-pro-wird-der-energiesparmode-deaktiviert-nov-2022\/","title":{"rendered":"Windows 10 Pro: Wird der Energiesparmode deaktiviert? (Nov. 2022)"},"content":{"rendered":"<p><img decoding=\"async\" style=\"float: left; margin: 0px 10px 0px 0px; display: inline;\" title=\"Windows\" src=\"https:\/\/borncity.com\/blog\/wp-content\/uploads\/2021\/04\/Windows-klein.jpg\" alt=\"Windows\" width=\"200\" align=\"left\" \/>[<a href=\"https:\/\/borncity.com\/win\/2022\/11\/14\/windows-10-pro-is-the-energy-saving-mode-deactivated-nov-2022\/\" target=\"_blank\" rel=\"noopener\">English<\/a>]Kurze Frage in die Runde der Windows 10-Nutzer, ob jemand die Beobachtung eines Blog-Lesers auch gemacht hat und dies best\u00e4tigen kann. Ein Leser hat mich die Tage direkt kontaktiert und berichtete, dass sein Windows 10 Pro (Version d\u00fcrfte die 22H2 sein) den Energiesparmode automatisch deaktiviert habe. Das System l\u00e4uft nicht in einer Dom\u00e4ne, wie der Leser schrieb, sondern wird zur Hausautomatisierung eingesetzt.<\/p>\n<p><!--more--><\/p>\n<h2>Eine Leserbeobachtung<\/h2>\n<p><img loading=\"lazy\" decoding=\"async\" src=\"https:\/\/vg01.met.vgwort.de\/na\/2361fcc896554e9e80ca93f1d382f376\" alt=\"\" width=\"1\" height=\"1\" \/>Ich stelle die Beobachtung von Blog-Leser Uwe K. hier einfach mal ohne gro\u00dfe Kommentierung hier ein. Uwe schrieb mir:<\/p>\n<blockquote><p>Guten Morgen G\u00fcnter,<\/p>\n<p>ich habe gerade festgestellt, dass mein Windows 10 Pro automatisch den Energiesparmode deaktiviert hat. Auf dem PC l\u00e4uft eine Hausautomatisierung, da fehlen pl\u00f6tzlich die Werte.<\/p>\n<p>Anfang der Woche habe ich bei einem Kunden festgestellt, dass in der Dom\u00e4ne pl\u00f6tzlich die Zeiten f\u00fcr den Energiesparbetrieb des Bildschirmes ge\u00e4ndert wurden! Es gab daf\u00fcr keine Gruppenrichtlinie, die Einstellung wurde bei der Installation auf 0 gesetzt.<\/p><\/blockquote>\n<p><img decoding=\"async\" title=\"Windows 10 Energiespareinstellungen\" src=\"https:\/\/i.imgur.com\/BIP6031.png\" alt=\"Windows 10 Energiespareinstellungen\" \/><\/p>\n<p>Das ist nat\u00fcrlich unsch\u00f6n, wenn die Ger\u00e4te nicht mehr in den Energiesparmodus gehen k\u00f6nnen und die Einstellungen verlieren. Bleibt die Frage, ob dies zwei Einzelf\u00e4lle sind oder ob das in den letzten Tagen mehr Leute betroffen hat.<\/p>\n<h2>Ist sonst wer betroffen?<\/h2>\n<p>Der Leser meinte, dass das vielleicht ein Thema f\u00fcr den Blog ist, das noch mehr User interessiert. Auf die Schnelle habe ich bei einer Suche im Internet aber keine weiteren Treffer gefunden. Von daher die Frage: War noch jemand betroffen &#8211; vergangene Woche war ja Patchday.<\/p>\n<p><strong>\u00c4hnliche Artikel:<br \/>\n<\/strong><a href=\"https:\/\/borncity.com\/blog\/2022\/11\/02\/microsoft-office-updates-1-november-2022\/\">Microsoft Office Updates (1. November 2022)<\/a><br \/>\n<a href=\"https:\/\/borncity.com\/blog\/2022\/11\/09\/microsoft-security-update-summary-8-november-2022\/\">Microsoft Security Update Summary (8. November 2022)<\/a><br \/>\n<a href=\"https:\/\/borncity.com\/blog\/2022\/11\/09\/patchday-windows-10-updates-8-november-2022\/\">Patchday: Windows 10-Updates (8. November 2022)<\/a><br \/>\n<a href=\"https:\/\/borncity.com\/blog\/2022\/11\/09\/patchday-windows-11-server-2022-updates-8-november-2022\/\">Patchday: Windows 11\/Server 2022-Updates (8. November 2022)<\/a><br \/>\n<a href=\"https:\/\/borncity.com\/blog\/2022\/11\/09\/windows-7-server-2008-r2-windows-8-1-server-2012-r2-updates-8-november-2022\/\">Windows 7\/Server 2008 R2; Windows 8.1\/Server 2012 R2: Updates (8. November<\/a><\/p>\n","protected":false},"excerpt":{"rendered":"<p>[English]Kurze Frage in die Runde der Windows 10-Nutzer, ob jemand die Beobachtung eines Blog-Lesers auch gemacht hat und dies best\u00e4tigen kann. Ein Leser hat mich die Tage direkt kontaktiert und berichtete, dass sein Windows 10 Pro (Version d\u00fcrfte die 22H2 &hellip; <a href=\"https:\/\/borncity.com\/blog\/2022\/11\/13\/windows-10-pro-wird-der-energiesparmode-deaktiviert-nov-2022\/\">Weiterlesen <span class=\"meta-nav\">&rarr;<\/span><\/a><\/p>\n","protected":false},"author":2,"featured_media":0,"comment_status":"open","ping_status":"closed","sticky":false,"template":"","format":"standard","meta":{"footnotes":""},"categories":[3694],"tags":[24,4378],"class_list":["post-274987","post","type-post","status-publish","format-standard","hentry","category-windows-10","tag-problem","tag-windows-10"],"_links":{"self":[{"href":"https:\/\/borncity.com\/blog\/wp-json\/wp\/v2\/posts\/274987","targetHints":{"allow":["GET"]}}],"collection":[{"href":"https:\/\/borncity.com\/blog\/wp-json\/wp\/v2\/posts"}],"about":[{"href":"https:\/\/borncity.com\/blog\/wp-json\/wp\/v2\/types\/post"}],"author":[{"embeddable":true,"href":"https:\/\/borncity.com\/blog\/wp-json\/wp\/v2\/users\/2"}],"replies":[{"embeddable":true,"href":"https:\/\/borncity.com\/blog\/wp-json\/wp\/v2\/comments?post=274987"}],"version-history":[{"count":0,"href":"https:\/\/borncity.com\/blog\/wp-json\/wp\/v2\/posts\/274987\/revisions"}],"wp:attachment":[{"href":"https:\/\/borncity.com\/blog\/wp-json\/wp\/v2\/media?parent=274987"}],"wp:term":[{"taxonomy":"category","embeddable":true,"href":"https:\/\/borncity.com\/blog\/wp-json\/wp\/v2\/categories?post=274987"},{"taxonomy":"post_tag","embeddable":true,"href":"https:\/\/borncity.com\/blog\/wp-json\/wp\/v2\/tags?post=274987"}],"curies":[{"name":"wp","href":"https:\/\/api.w.org\/{rel}","templated":true}]}}