{"id":308826,"date":"2025-02-25T12:59:30","date_gmt":"2025-02-25T11:59:30","guid":{"rendered":"https:\/\/www.borncity.com\/blog\/?p=308826"},"modified":"2025-02-26T11:11:21","modified_gmt":"2025-02-26T10:11:21","slug":"gmx-seit-1-1-2025-keine-feiertage-mehr-in-kalender","status":"publish","type":"post","link":"https:\/\/borncity.com\/blog\/2025\/02\/25\/gmx-seit-1-1-2025-keine-feiertage-mehr-in-kalender\/","title":{"rendered":"GMX\/Web.de: Seit 1.1.2025 keine Feiertage mehr in Kalender?"},"content":{"rendered":"<p><img loading=\"lazy\" decoding=\"async\" class=\"\" style=\"float: left; margin: 0px 10px 0px 0px; display: inline;\" title=\"Stop - Pixabay\" src=\"https:\/\/borncity.com\/blog\/wp-content\/uploads\/2021\/06\/Stop01.jpg\" alt=\"Stop - Pixabay\" width=\"152\" height=\"152\" align=\"left\" \/>Ein Blog-Leser hat mich auf einen kruden Sachverhalt hingewiesen. Kalender weisen \u00fcblicherweise auch eine Hervorhebung von Feiertagen auf. Nutzer des Anbieters GMX bekommen seit Jahresanfang 2025 aber keine Feiertage mehr in den (Feiertags) Themenkalendern angezeigt. Erg\u00e4nzend kann ich festhalten, dass auch Web.de beim Kalender die gleiche Problematik zeigt, es werden keine Feiertage mehr angezeigt.<\/p>\n<p><!--more--><\/p>\n<h2>Der GMX-Kalender<\/h2>\n<p><img loading=\"lazy\" decoding=\"async\" src=\"https:\/\/vg02.met.vgwort.de\/na\/6f42a0958a244c7188ff0ed7e693dbbf\" alt=\"\" width=\"1\" height=\"1\" \/>Der Anbieter GMX wirbt auf seiner Webseite neben E-Mail-Postf\u00e4chern auch mit einem GMX Kalender.<\/p>\n<p><img loading=\"lazy\" decoding=\"async\" src=\"https:\/\/i.postimg.cc\/8zPG6ftk\/image.png\" alt=\"GMX-Kalender\" width=\"640\" height=\"448\" \/><\/p>\n<p>Dieser Kalender soll die Terminplanung vereinfachen und ist mit einem GMX-Postfach verkn\u00fcpft, kann also auch online verwaltet werden. Zudem scheint eine Anbindung an den Thunderbird als E-Mail-Client m\u00f6glich zu sein.<\/p>\n<h2>Leserhinweis: GMX-Kalender ohne Feiertage<\/h2>\n<p>Blog-Leser Ruben S. hat sich zum 24. Februar 2024 per Mail gemeldet und berichtete mir, dass\u00a0GMX seit dem 01.01.2025 (Jahresanfang) keine Feiertage mehr in den (Feiertags) Themenkalendern darstellt. In den Themenkalendern werden die Feiertage\u00a0 der Bundesrepublik Deutschland, die Feiertage von Bundesl\u00e4ndern wie Rheinland-Pfalz,\u00a0 und weitere Feiertage angezeigt.<\/p>\n<p>Der Leser schrieb mir, dass dieses Problem alle GMX-Kunden betreffe und er den Anbieter GMX bereits direkt Anfang Januar 2025 auf das Problem hingewiesen habe. Es sieht aber so aus, dass da bisher nichts passiert ist &#8211; der Kalender kommt ohne Feiertage aus &#8211; (knackig sparsam, wer braucht schon so was).<\/p>\n<h2>Die Ursache glaubt man nicht &#8230;<\/h2>\n<p>Nun schrieb mir der Blog-Leser, dass einer seiner Kunden ihm k\u00fcrzlich die\u00a0Ursache des\u00a0 GMX-Kalenderproblems mitgeteilt habe. Das Probleme erkenne man, wenn man den jeweiligen GMX-Kalender im Thunderbird E-Mail-Client einbindet.\u00a0Dort k\u00f6nne man erkennen, dass die Kalender im Jahre 2016 erstellt wurden, und<br \/>\ndamals wurde \"9 Wiederholungen\" festgelegt. Mit dem Startjahr 2016 und 9 Wiederholungen landet man bei Ende 2024, d.h. alle Eintr\u00e4ge f\u00fcr Feiertage enden sp\u00e4testens am 31.12.2024.<\/p>\n<p>Der Leser schrieb dazu: \"Obwohl ich GMX auch letztlich die Ursache des Problems mitteilte, haben die es bislang nicht fertiggebracht dies zu korrigieren.\" Aus Sicht des Lesers\u00a0d\u00fcrfte die Anpassung der Eintr\u00e4ge, bzw. der Wiederholungen kein Problem sein, zumal es prinzipiell schon seit Anfang Januar 2025 bei GMX bekannt sei, dass die Feiertage nicht angezeigt werden.<\/p>\n<p>Das Problem besteht besteht, so der Leser (Stand jetzt 24.02.2025 12:30) weiterhin. Er geht davon aus, dass dieses Problem alle GMX-Kunden betrifft. Somit k\u00f6nnen\u00a0jeder Nutzer mit einem GMX-Zugang das Ganze nachvollziehen. Ich habe keinen GMX-Zugang und plane auch keinen &#8211; daher die Frage an die Leserschaft: L\u00e4sst sich das Problem nachvollziehen? Und: Ist eine L\u00f6sung bekannt?<\/p>\n<h2>Das Gleiche gilt f\u00fcr Web.de-Kalender<\/h2>\n<p>Nachdem ein Leser darauf hingewiesen hat, dass Web.de (geh\u00f6rt zum gleichen Anbieter) auch dieses Verhalten beim Kalender zeigt, habe ich es selbst an einem Web.de-Konto getestet.<\/p>\n<p><img loading=\"lazy\" decoding=\"async\" src=\"https:\/\/borncity.com\/blog\/wp-content\/uploads\/2025\/02\/Web.de-Kalender.jpg\" alt=\"Web.de Kalender-Optionen\" width=\"640\" height=\"377\" \/><\/p>\n<p>F\u00fcgt man in den Kalender-Einstellungen unter \"Ferien, Fest- &amp; Feiertage\" einen der f\u00fcr die jeweiligen L\u00e4nder angezeigten Kalender hinzu, werden f\u00fcr 2024 noch Feiertage und Schulferien angezeigt. Ab 2025 fehlen diese Informationen aber.<\/p>\n","protected":false},"excerpt":{"rendered":"<p>Ein Blog-Leser hat mich auf einen kruden Sachverhalt hingewiesen. Kalender weisen \u00fcblicherweise auch eine Hervorhebung von Feiertagen auf. Nutzer des Anbieters GMX bekommen seit Jahresanfang 2025 aber keine Feiertage mehr in den (Feiertags) Themenkalendern angezeigt. Erg\u00e4nzend kann ich festhalten, dass &hellip; <a href=\"https:\/\/borncity.com\/blog\/2025\/02\/25\/gmx-seit-1-1-2025-keine-feiertage-mehr-in-kalender\/\">Weiterlesen <span class=\"meta-nav\">&rarr;<\/span><\/a><\/p>\n","protected":false},"author":2,"featured_media":0,"comment_status":"open","ping_status":"closed","sticky":false,"template":"","format":"standard","meta":{"footnotes":""},"categories":[7263,908,2039,8537],"tags":[3024,2608,4353,24],"class_list":["post-308826","post","type-post","status-publish","format-standard","hentry","category-cloud","category-internet","category-mail","category-problem","tag-gmx","tag-kalender","tag-mail","tag-problem"],"_links":{"self":[{"href":"https:\/\/borncity.com\/blog\/wp-json\/wp\/v2\/posts\/308826","targetHints":{"allow":["GET"]}}],"collection":[{"href":"https:\/\/borncity.com\/blog\/wp-json\/wp\/v2\/posts"}],"about":[{"href":"https:\/\/borncity.com\/blog\/wp-json\/wp\/v2\/types\/post"}],"author":[{"embeddable":true,"href":"https:\/\/borncity.com\/blog\/wp-json\/wp\/v2\/users\/2"}],"replies":[{"embeddable":true,"href":"https:\/\/borncity.com\/blog\/wp-json\/wp\/v2\/comments?post=308826"}],"version-history":[{"count":0,"href":"https:\/\/borncity.com\/blog\/wp-json\/wp\/v2\/posts\/308826\/revisions"}],"wp:attachment":[{"href":"https:\/\/borncity.com\/blog\/wp-json\/wp\/v2\/media?parent=308826"}],"wp:term":[{"taxonomy":"category","embeddable":true,"href":"https:\/\/borncity.com\/blog\/wp-json\/wp\/v2\/categories?post=308826"},{"taxonomy":"post_tag","embeddable":true,"href":"https:\/\/borncity.com\/blog\/wp-json\/wp\/v2\/tags?post=308826"}],"curies":[{"name":"wp","href":"https:\/\/api.w.org\/{rel}","templated":true}]}}