{"id":324351,"date":"2026-04-29T15:54:49","date_gmt":"2026-04-29T13:54:49","guid":{"rendered":"https:\/\/borncity.com\/blog\/?p=324351"},"modified":"2026-04-30T06:04:04","modified_gmt":"2026-04-30T04:04:04","slug":"hat-strato-probleme-mit-vservern-29-april-2026","status":"publish","type":"post","link":"https:\/\/borncity.com\/blog\/2026\/04\/29\/hat-strato-probleme-mit-vservern-29-april-2026\/","title":{"rendered":"Hat Strato Probleme mit vServern (29. April 2026)?"},"content":{"rendered":"<p><img decoding=\"async\" style=\"float: left; margin: 0px 10px 0px 0px; display: inline;\" title=\"Stop - Pixabay\" src=\"https:\/\/borncity.com\/blog\/wp-content\/uploads\/2021\/06\/Stop01.jpg\" alt=\"Stop - Pixabay\" align=\"left\" \/>Frage in die Runde der Leserschaft, die beim Anbieter Strato hosten. Gibt es Probleme mit vServer-Paketen? Ein Blog-Leser hat mich am heutigen (29.4.) per DM auf Facebook kontaktiert und schrieb \"Strato hat seit gestern Abend [28.4.2026] (Beginn zwischen 20:00 und 21:00) Probleme mit ihren vServern, wodurch diese \u00fcber mehrere Stunden nicht erreichbar waren. Auch die Management-Oberfl\u00e4che hatte einige \"Aussages-lose\" Fehler. Durch die St\u00f6rungshotline wurde ein Problem best\u00e4tigt, jedoch ohne weitere Infos oder eine L\u00f6sungszeit.<\/p>\n<p><!--more--><\/p>\n<p>Der Leser meinte \"Eventuell ist das etwas, was Sie f\u00fcr den Blog n\u00e4her anschauen m\u00f6chten. Eine Kundeninfo gibt es bisher nicht.\" Leider wurde mir die DM erst sehr sp\u00e4t angezeigt. Auf <a href=\"https:\/\/xn--allestrungen-9ib.de\/stoerung\/strato\/\" target=\"_blank\" rel=\"noopener\">allestoerungen.de<\/a> finde ich nicht allzu viele St\u00f6rungsmeldungen &#8211; etwas Gr\u00f6\u00dferes scheint es nicht zu sein. Ob es mit dem Thema\u00a0<a href=\"https:\/\/borncity.com\/blog\/2026\/04\/29\/schwachstelle-in-cpanel-und-whm\/\">Schwachstelle in cPanel und WHM (28. April 2026)<\/a> zusammen h\u00e4ngt, kann ich nicht beurteilen. Hat sonst noch jemand Probleme in diesem Bereich.<\/p>\n","protected":false},"excerpt":{"rendered":"<p>Frage in die Runde der Leserschaft, die beim Anbieter Strato hosten. Gibt es Probleme mit vServer-Paketen? Ein Blog-Leser hat mich am heutigen (29.4.) per DM auf Facebook kontaktiert und schrieb \"Strato hat seit gestern Abend [28.4.2026] (Beginn zwischen 20:00 und &hellip; <a href=\"https:\/\/borncity.com\/blog\/2026\/04\/29\/hat-strato-probleme-mit-vservern-29-april-2026\/\">Weiterlesen <span class=\"meta-nav\">&rarr;<\/span><\/a><\/p>\n","protected":false},"author":2,"featured_media":0,"comment_status":"open","ping_status":"closed","sticky":false,"template":"","format":"standard","meta":{"footnotes":""},"categories":[7862],"tags":[987,15588],"class_list":["post-324351","post","type-post","status-publish","format-standard","hentry","category-stoerung","tag-storung","tag-strator"],"_links":{"self":[{"href":"https:\/\/borncity.com\/blog\/wp-json\/wp\/v2\/posts\/324351","targetHints":{"allow":["GET"]}}],"collection":[{"href":"https:\/\/borncity.com\/blog\/wp-json\/wp\/v2\/posts"}],"about":[{"href":"https:\/\/borncity.com\/blog\/wp-json\/wp\/v2\/types\/post"}],"author":[{"embeddable":true,"href":"https:\/\/borncity.com\/blog\/wp-json\/wp\/v2\/users\/2"}],"replies":[{"embeddable":true,"href":"https:\/\/borncity.com\/blog\/wp-json\/wp\/v2\/comments?post=324351"}],"version-history":[{"count":3,"href":"https:\/\/borncity.com\/blog\/wp-json\/wp\/v2\/posts\/324351\/revisions"}],"predecessor-version":[{"id":324354,"href":"https:\/\/borncity.com\/blog\/wp-json\/wp\/v2\/posts\/324351\/revisions\/324354"}],"wp:attachment":[{"href":"https:\/\/borncity.com\/blog\/wp-json\/wp\/v2\/media?parent=324351"}],"wp:term":[{"taxonomy":"category","embeddable":true,"href":"https:\/\/borncity.com\/blog\/wp-json\/wp\/v2\/categories?post=324351"},{"taxonomy":"post_tag","embeddable":true,"href":"https:\/\/borncity.com\/blog\/wp-json\/wp\/v2\/tags?post=324351"}],"curies":[{"name":"wp","href":"https:\/\/api.w.org\/{rel}","templated":true}]}}