{"id":324495,"date":"2026-05-03T13:52:24","date_gmt":"2026-05-03T11:52:24","guid":{"rendered":"https:\/\/borncity.com\/blog\/?p=324495"},"modified":"2026-05-03T13:55:24","modified_gmt":"2026-05-03T11:55:24","slug":"digital-independence-day-souveraene-cloud-scaleway-in-ausschreibungen-dabei-was-ist-mit-suse","status":"publish","type":"post","link":"https:\/\/borncity.com\/blog\/2026\/05\/03\/digital-independence-day-souveraene-cloud-scaleway-in-ausschreibungen-dabei-was-ist-mit-suse\/","title":{"rendered":"Digital Independence Day: Souver\u00e4ne Cloud; Scaleway in Ausschreibungen dabei, was ist mit SUSE?"},"content":{"rendered":"<p><img loading=\"lazy\" decoding=\"async\" class=\"size-full wp-image-320475 alignleft\" src=\"https:\/\/borncity.com\/blog\/wp-content\/uploads\/2026\/01\/image-92.png\" alt=\"EU-Flagge\" width=\"200\" height=\"148\" data-cmp-info=\"10\" \/>Heute noch ein paar S\u00e4tze in Sachen \"Souver\u00e4ne Cloud\"-Angebote. Der Anbieter Scaleway kommt wohl langsam \"ans rollen\" und teilte die Tage mit, dass er unter die \"vier\" Unternehmen der EU-Kommissionsausschreibung f\u00fcr \"Souver\u00e4ne Cloud\"-Angebote gekommen sei. Zudem wird der Anbieter Frankreichs Cloud-Anbieter f\u00fcr den Health Data Hub. Und mal einen Blick auf SUSE als \"souver\u00e4ner Anbieter\" geworfen.<\/p>\n<p><!--more--><\/p>\n<h2>Cloud-Anbieter Scaleway im Aufwind<\/h2>\n<p><img loading=\"lazy\" decoding=\"async\" src=\"https:\/\/vg01.met.vgwort.de\/na\/988ec4f981a24448be43a8fe138448f3\" alt=\"\" width=\"1\" height=\"1\" \/>Mir sind die letzten Tage einige Meldungen rund um Scaleway untergekommen, die eigentlich schon in einen Beitrag zum \"Digital Independence Day\" passen, denn es scheint langsam was mit einem europ\u00e4ischen Cloud-Angebot zu werden.<\/p>\n<h3>Wer ist Scaleway?<\/h3>\n<p><img loading=\"lazy\" decoding=\"async\" src=\"https:\/\/vg01.met.vgwort.de\/na\/988ec4f981a24448be43a8fe138448f3\" alt=\"\" width=\"1\" height=\"1\" \/><a href=\"https:\/\/en-wikipedia-org.translate.goog\/wiki\/Scaleway\" target=\"_blank\" rel=\"noopener\">Scaleway<\/a> (ehemals Online SAS oder Online.net) ist ein franz\u00f6sisches Cloud-Computing- und Webhosting-Unternehmen, das 1999 von Xavier Niel gegr\u00fcndet wurde und mehrheitlich zur Iliad-Gruppe geh\u00f6rt. Das Unternehmen bietet dedizierte physische Server und Cloud-Computing-Architekturen an. Scaleway ist seit 2015 das zweitgr\u00f6\u00dfte Hosting-Unternehmen in Frankreich.<\/p>\n<p>Mir ist Scaleway vor wenigen Wochen aufgefallen, weil den erstes Rechenzentrum in Mailand in Betrieb genommen haben, aber weitere Rechenzentren in Deutschland und weiteren europ\u00e4ischen Standorten planen. Ich im April 2026 hatte im Blog-Beitrag <a href=\"https:\/\/borncity.com\/blog\/2026\/04\/05\/digital-independence-day-1-scaleway-rechenzentrum-in-mailand-eroeffnet\/\">Digital Independence Day: 1. Scaleway-Rechenzentrum in Mailand er\u00f6ffnet<\/a> \u00fcber diesen Sachverhalt berichtet.<\/p>\n<h3>Scaleway bei EU-Kommissionssusschreibung beteiligt<\/h3>\n<p>Die EU-Kommission hat wohl eine Ausschreibung f\u00fcr souver\u00e4ne europ\u00e4ische Cloud-Angebote gestartet, an der vier Anbieter zugelassen wurden.\u00a0W\u00e4hrend der Begriff \"digitale Souver\u00e4nit\u00e4t\" als Konzept immer unsch\u00e4rfer wird (europ\u00e4ischer Anbieter, US-Cloud-Anbieter drunter), galten im Auswahlverfahren wohl strenge Anforderungen in strategischer, rechtlicher, operativer und technologischer Hinsicht.<\/p>\n<p>Scaleway wurde im Rahmen der Ausschreibung \"Sovereign Cloud\" der Europ\u00e4ischen Kommission als einer von vier Cloud-Anbietern ausgew\u00e4hlt. Dieses Beschaffungsprogramm im Umfang von 180 Millionen Euro erm\u00f6glicht den EU-Institutionen \u00fcber einen Zeitraum von bis zu sechs Jahren den Zugang zu souver\u00e4nen Cloud-Diensten. Mehr Details lassen sich in <a href=\"https:\/\/www.scaleway.com\/en\/news\/scaleway-selected-by-the-european-commission-to-deliver-a-sovereign-public-cloud-and-ai-platform-to-eu-institutions\/\" target=\"_blank\" rel=\"noopener\">dieser Scaleway-Meldung<\/a> nachlesen.<\/p>\n<h3>Scaleway als Cloud-Anbieter f\u00fcr Frankreichs Health Data Hub<\/h3>\n<p>F\u00fcr mich war es nur logisch, dass ein franz\u00f6sischer Cloud-Anbieter den Zuschlag erhalten hat, die Infrastruktur f\u00fcr\u00a0Frankreichs Health Data Hub bereitzustellen. Auch dies ist Ende April 2026 bekannt geworden &#8211; die Details lassen sich in <a href=\"https:\/\/www.scaleway.com\/en\/news\/scaleway-selected-to-support-frances-health-data-hub-in-its-transition-to-a-sovereign-cloud\/\" target=\"_blank\" rel=\"noopener\">diesem Artikel<\/a> nachlesen.<\/p>\n<p>Es sieht so aus, als ob Scaleway derzeit einen ganz guten Lauf hat. Und die aktuellen politischen Entwicklungen mit den USA (Stichwort Zoll von 25 % auf EU-Fahrzeuge) d\u00fcrften die Absetzbewegung von US-Cloud-Anbietern weiter bef\u00f6rdern.<\/p>\n<h2>Was ist mit SUSE und digitaler Souver\u00e4nit\u00e4t?<\/h2>\n<p>Abschlie\u00dfend noch ein Thema, was mir die Wochen zuf\u00e4llig mehrfach vor die F\u00fc\u00dfe gefallen ist. Es geht um die in N\u00fcrnburg gegr\u00fcndete Linux-Firma SUSE.<\/p>\n<h3>SUSE in Souver\u00e4ne Cloud-Initiative<\/h3>\n<p>Zum 15. April 2026 haben die Kollegen bei Dr. Windows den Beitrag\u00a0<a href=\"https:\/\/www.drwindows.de\/news\/souveraene-cloud-suse-und-weitere-eu-unternehmen-schliessen-sich-zu-neuer-initiative-zusammen\" target=\"_blank\" rel=\"noopener\">Souver\u00e4ne Cloud: SUSE und weitere EU-Unternehmen schlie\u00dfen sich zu neuer Initiative zusammen<\/a> ver\u00f6ffentlicht. Ein zweiter Beitrag findet sich<a href=\"https:\/\/www.heise.de\/news\/EU-Anbieter-schnueren-gemeinsames-Notsystem-bei-Cloudabschaltung-11258162.html\" target=\"_blank\" rel=\"noopener\"> bei heise<\/a>. Die Botschaft: SUSE und weitere EU-Unternehmen haben auf dem European Data Summit der Konrad-Adenauer-Stiftung in Berlin eine Initiative gestartet, um eine \"Souver\u00e4ne Cloud\" anbieten zu k\u00f6nnen.<\/p>\n<p>Neben SUSE aus Deutschland sind zudem Cubbit, Elemento Cloud und StorPool Storage beteiligt, schreiben die Kollegen. Das Angebot soll sich am Euro-Stack-Konzept orientieren und Open Source sein. Details sind in <a href=\"https:\/\/blog.cubbit.io\/sovereign-disaster-recovery-pack\/\" target=\"_blank\" rel=\"noopener\">dieser Cubbit-Meldung<\/a> oder bei den Kollegen in den oben verlinkten Artikeln nachlesbar.<\/p>\n<h3>Und wenn SUSE an US-Investor verkauft wird?<\/h3>\n<p>Bei SUSE schl\u00e4gt mein \"Aufmerksamkeitsdetector\" sofort an (ist historisch bedingt, da ein SUSE CTO, Dirk Hohndel, einige Zeit, <a href=\"https:\/\/www.linux-magazin.de\/ausgaben\/2017\/10\/25-jahre-suse\/\" target=\"_blank\" rel=\"noopener\">bis zum ersten Verkauf 2001<\/a>, mein Hausnachbar und 'hei\u00dfer Diskutant am Gartenzaun' war). SUSE ist derzeit im Besitz der schwedischen Private-Equity-Firma EQT AB.\u00a0Die Tage ist mir dann die Information untergekommen, das EQT AB einen Verkauf der SUSE auslotet und bis zu 6 Milliarden US-Dollar erwartet. Ich habe bei der Suche <a href=\"https:\/\/www.reddit.com\/r\/openSUSE\/comments\/1rq8813\/eqt_eyes_potential_6_billion_sale_of_linux\/?tl=de\" target=\"_blank\" rel=\"noopener\">diesen reddit.com-Post<\/a> mit einigen Informationen gefunden.<\/p>\n<p>W\u00e4re dann ein Witz, wenn ein US-Investor die SUSE-Anteile von EQT AB \u00fcbernimmt, und SUSE als Anbieter f\u00fcr souver\u00e4ne europ\u00e4ische Cloud-L\u00f6sungen auftritt. Ist zwar noch Spekulation, da nichts entschieden und bekannt ist. Dieses Konstrukt zeigt, wie diffizil die gesamte Branche zu betrachten ist.<\/p>\n<blockquote><p>PS: Bei der Recherche gerade gefunden, die Kollegen haben zum langen Mai-Wochenende <a href=\"https:\/\/www.drwindows.de\/news\/digitale-souveraenitaet-der-newssplitter-zum-langen-maiwochenende\" target=\"_blank\" rel=\"noopener\">diesen Artikel<\/a> zu europ\u00e4ischen Entwicklungen in diesem Bereich mit Kurzhinweisen, was so l\u00e4uft, ver\u00f6ffentlicht.<\/p><\/blockquote>\n","protected":false},"excerpt":{"rendered":"<p>Heute noch ein paar S\u00e4tze in Sachen \"Souver\u00e4ne Cloud\"-Angebote. Der Anbieter Scaleway kommt wohl langsam \"ans rollen\" und teilte die Tage mit, dass er unter die \"vier\" Unternehmen der EU-Kommissionsausschreibung f\u00fcr \"Souver\u00e4ne Cloud\"-Angebote gekommen sei. Zudem wird der Anbieter Frankreichs &hellip; <a href=\"https:\/\/borncity.com\/blog\/2026\/05\/03\/digital-independence-day-souveraene-cloud-scaleway-in-ausschreibungen-dabei-was-ist-mit-suse\/\">Weiterlesen <span class=\"meta-nav\">&rarr;<\/span><\/a><\/p>\n","protected":false},"author":2,"featured_media":0,"comment_status":"open","ping_status":"closed","sticky":false,"template":"","format":"standard","meta":{"footnotes":""},"categories":[7263],"tags":[1171,15569],"class_list":["post-324495","post","type-post","status-publish","format-standard","hentry","category-cloud","tag-cloud","tag-digitale-souveraenitaet"],"_links":{"self":[{"href":"https:\/\/borncity.com\/blog\/wp-json\/wp\/v2\/posts\/324495","targetHints":{"allow":["GET"]}}],"collection":[{"href":"https:\/\/borncity.com\/blog\/wp-json\/wp\/v2\/posts"}],"about":[{"href":"https:\/\/borncity.com\/blog\/wp-json\/wp\/v2\/types\/post"}],"author":[{"embeddable":true,"href":"https:\/\/borncity.com\/blog\/wp-json\/wp\/v2\/users\/2"}],"replies":[{"embeddable":true,"href":"https:\/\/borncity.com\/blog\/wp-json\/wp\/v2\/comments?post=324495"}],"version-history":[{"count":4,"href":"https:\/\/borncity.com\/blog\/wp-json\/wp\/v2\/posts\/324495\/revisions"}],"predecessor-version":[{"id":324499,"href":"https:\/\/borncity.com\/blog\/wp-json\/wp\/v2\/posts\/324495\/revisions\/324499"}],"wp:attachment":[{"href":"https:\/\/borncity.com\/blog\/wp-json\/wp\/v2\/media?parent=324495"}],"wp:term":[{"taxonomy":"category","embeddable":true,"href":"https:\/\/borncity.com\/blog\/wp-json\/wp\/v2\/categories?post=324495"},{"taxonomy":"post_tag","embeddable":true,"href":"https:\/\/borncity.com\/blog\/wp-json\/wp\/v2\/tags?post=324495"}],"curies":[{"name":"wp","href":"https:\/\/api.w.org\/{rel}","templated":true}]}}