{"id":329096,"date":"2026-09-02T13:18:42","date_gmt":"2026-09-02T11:18:42","guid":{"rendered":"https:\/\/borncity.com\/blog\/?p=329096"},"modified":"2026-09-02T13:18:42","modified_gmt":"2026-09-02T11:18:42","slug":"gibt-es-derzeit-stoerungen-bei-der-deutsche-telekom-und-bei-kassensystemen-wie-denns-2-9-2026","status":"publish","type":"post","link":"https:\/\/borncity.com\/blog\/2026\/09\/02\/gibt-es-derzeit-stoerungen-bei-der-deutsche-telekom-und-bei-kassensystemen-wie-denns-2-9-2026\/","title":{"rendered":"Gibt es derzeit St\u00f6rungen bei der Deutsche Telekom &#8211; und bei Kassensystemen wie Denns? (2.9.2026)"},"content":{"rendered":"<p><img decoding=\"async\" style=\"float: left; margin: 0px 10px 0px 0px; display: inline;\" title=\"Stop - Pixabay\" src=\"https:\/\/borncity.com\/blog\/wp-content\/uploads\/2021\/06\/Stop01.jpg\" alt=\"Stop - Pixabay\" align=\"left\" \/>Kurze Frage an die Leserschaft, die \u00fcber die Deutsche Telekom AG ins Internet gehen: Gibt es derzeit bei euch eine St\u00f6rung beim Internetzugriff? Ich bin noch am recherchieren, ob es nur lokale Ph\u00e4nomene sind, oder ob es deutschlandweit Probleme gibt. Ein Leser hat mich \u00fcber Probleme bei \"der DTAG\" informiert, weshalb er kaum auf Seiten kommt. Und meine Frau berichtete gerade \"\u00fcber langsame Kassen und streikende App\" beim Denns Biomarkt.<\/p>\n<p><!--more--><\/p>\n<p><img loading=\"lazy\" decoding=\"async\" src=\"https:\/\/vg02.met.vgwort.de\/na\/886a5d23e9a74871b4657f8d222bbbf8\" alt=\"\" width=\"1\" height=\"1\" \/>\"Zum Internet dr\u00e4ngt es, am Internet h\u00e4ngt es\", der Spruch kam mir beim Schreiben dieser Zeilen. Vor einigen Wochen beim Hausarzt, der die Praxis vorigen Herbst vom Vorg\u00e4nger \u00fcbernommen hat. Im Rahmen der \u00dcbernahme wurde die Praxis renoviert und ein auf macOS aufsetzendes Praxis-Verwaltungs-System (PVS) eingef\u00fchrt. Die medizinische Fachangestellte meinte bei der Blutabnahme beim letzten Termin \"Hoffentlich l\u00e4uft das Internet, sonst geht hier gar nichts\".<\/p>\n<p>Deutet darauf hin, dass das Praxis-Verwaltungs-System (PVS) vollst\u00e4ndig in der Cloud l\u00e4uft, und wenn es dort ruckelt, streikt nicht nur KIM (Kommunikation in der Medizin), sondern auch der Zugriff auf die Daten der Patienten. Hatte der alte Arzt noch seine \"Handakte\", l\u00e4uft beim Nachfolger alles nur noch digital.<\/p>\n<h2>Lesermeldung \u00fcber DTAG-Probleme<\/h2>\n<p>Auf Facebook hat mich ein Blog-Leser gerade per privater Nachricht \u00fcber Probleme bei der Deutsche Telekom AG informiert und schrieb: \"Gibt wohl aktuell ne St\u00f6rung bei der DTAG? Seiten laufen langsam an und Google bekomme ich gar nicht erreicht.\"<\/p>\n<p>Auf allestoerungen.de kann ich derzeit keine St\u00f6rung feststellen. Der Leser schrieb mir aber, dass \"\u00fcber allest\u00f6rungen.de Meldungen f\u00fcr die DTAG (Telekom) sowie VF (Vodafone) reinkommen\". Stellt noch jemand Probleme bei diesen beiden Anbietern hinsichtlich Internetzugang fest?<\/p>\n<h2>Z\u00e4he Vorg\u00e4nge bei Denns Biomarkt?<\/h2>\n<p>Gerade kam meine Frau vom Wocheneinkauf zur\u00fcck und erz\u00e4hlte, dass beim lokalen Denns Biomarkt erhebliche Probleme an der Kasse auftr\u00e4ten. Seit \"gestern\" (1.9.2026) w\u00e4re die Datenanbindung des Kassensystems extrem langsam, habe die Angestellte an der Kasse erz\u00e4hlt. Die App dieses Anbieters sei dadurch auch funktionslos, und Eink\u00e4ufe k\u00f6nnte nicht \"gut geschrieben werden\", hie\u00df es.<\/p>\n<p>Das kann nat\u00fcrlich Einzelfall sind, der nur den lokalen Biomarkt dieser Kette trifft. Bei mir f\u00e4llt aber sofort ein Puzzle-Teil ins Bild, welches im Artikel <a href=\"https:\/\/borncity.com\/blog\/2026\/08\/23\/self-service-und-supermarktkassen-wie-stoeranfaellig-sind-die-ec-kartenterminals\/\" rel=\"bookmark\">Self-Service und Supermarktkassen: Wie st\u00f6ranf\u00e4llig sind die EC-Kartenterminals?<\/a> angesprochen hatte. Durch die steigende Digitalisierung mit Verlagerung von Funktionen in den Cloud werden die Gesch\u00e4ftsvorg\u00e4nge immer abh\u00e4ngiger von funktionierenden Internetverbindungen und Cloud-Diensten. Wenn ich mir den Beitrag <a href=\"https:\/\/borncity.com\/blog\/2026\/08\/31\/m365-ausfall-wegen-vergessener-zertifikatserneuerung-31-8-2026\/\">EX1464935: M365-Ausfall wegen vergessener Zertifikatserneuerung (31.8.2026)<\/a> ansehe, wo weltweit Leute nicht mehr arbeitsf\u00e4hig waren, stellt sich mir schon die Frage, wie digital abh\u00e4ngig unsere Gesellschaft ist und ob das ein guter Weg ist?<\/p>\n<p><strong>\u00c4hnliche Artikel:<\/strong><br \/>\n<a href=\"https:\/\/borncity.com\/blog\/2026\/08\/23\/self-service-und-supermarktkassen-wie-stoeranfaellig-sind-die-ec-kartenterminals\/\" rel=\"bookmark\">Self-Service und Supermarktkassen: Wie st\u00f6ranf\u00e4llig sind die EC-Kartenterminals?<\/a><br \/>\n<a href=\"https:\/\/borncity.com\/blog\/2026\/08\/28\/ec-kartenterminals-so-siehts-mit-den-geraeten-von-ingenico-aus\/\" rel=\"bookmark\">EC-Kartenterminals: So sieht's mit den Ger\u00e4ten von Ingenico &amp; Co. aus<\/a><\/p>\n","protected":false},"excerpt":{"rendered":"<p>Kurze Frage an die Leserschaft, die \u00fcber die Deutsche Telekom AG ins Internet gehen: Gibt es derzeit bei euch eine St\u00f6rung beim Internetzugriff? Ich bin noch am recherchieren, ob es nur lokale Ph\u00e4nomene sind, oder ob es deutschlandweit Probleme gibt. &hellip; <a href=\"https:\/\/borncity.com\/blog\/2026\/09\/02\/gibt-es-derzeit-stoerungen-bei-der-deutsche-telekom-und-bei-kassensystemen-wie-denns-2-9-2026\/\">Weiterlesen <span class=\"meta-nav\">&rarr;<\/span><\/a><\/p>\n","protected":false},"author":2,"featured_media":0,"comment_status":"open","ping_status":"closed","sticky":false,"template":"","format":"standard","meta":{"footnotes":""},"categories":[908,7862],"tags":[4338,15658,987],"class_list":["post-329096","post","type-post","status-publish","format-standard","hentry","category-internet","category-stoerung","tag-internet","tag-kassen","tag-storung"],"_links":{"self":[{"href":"https:\/\/borncity.com\/blog\/wp-json\/wp\/v2\/posts\/329096","targetHints":{"allow":["GET"]}}],"collection":[{"href":"https:\/\/borncity.com\/blog\/wp-json\/wp\/v2\/posts"}],"about":[{"href":"https:\/\/borncity.com\/blog\/wp-json\/wp\/v2\/types\/post"}],"author":[{"embeddable":true,"href":"https:\/\/borncity.com\/blog\/wp-json\/wp\/v2\/users\/2"}],"replies":[{"embeddable":true,"href":"https:\/\/borncity.com\/blog\/wp-json\/wp\/v2\/comments?post=329096"}],"version-history":[{"count":1,"href":"https:\/\/borncity.com\/blog\/wp-json\/wp\/v2\/posts\/329096\/revisions"}],"predecessor-version":[{"id":329098,"href":"https:\/\/borncity.com\/blog\/wp-json\/wp\/v2\/posts\/329096\/revisions\/329098"}],"wp:attachment":[{"href":"https:\/\/borncity.com\/blog\/wp-json\/wp\/v2\/media?parent=329096"}],"wp:term":[{"taxonomy":"category","embeddable":true,"href":"https:\/\/borncity.com\/blog\/wp-json\/wp\/v2\/categories?post=329096"},{"taxonomy":"post_tag","embeddable":true,"href":"https:\/\/borncity.com\/blog\/wp-json\/wp\/v2\/tags?post=329096"}],"curies":[{"name":"wp","href":"https:\/\/api.w.org\/{rel}","templated":true}]}}